{"id":61827,"date":"2019-09-20T15:18:05","date_gmt":"2019-09-20T19:18:05","guid":{"rendered":"https:\/\/linitiative.ca\/International\/burkina-le-president-kabore-exprime-sa-compassion-apres-la-mort-de-cinq-soldats\/"},"modified":"2019-09-20T15:18:05","modified_gmt":"2019-09-20T19:18:05","slug":"burkina-le-president-kabore-exprime-sa-compassion-apres-la-mort-de-cinq-soldats","status":"publish","type":"post","link":"https:\/\/linitiative.ca\/International\/burkina-le-president-kabore-exprime-sa-compassion-apres-la-mort-de-cinq-soldats\/","title":{"rendered":"Burkina: le pr\u00e9sident Kabor\u00e9 exprime sa compassion apr\u00e8s la mort de cinq soldats"},"content":{"rendered":"<div readability=\"32\">\n<p>Publi\u00e9 le 20.09.2019 \u00e0 20h18 par APA News<\/p>\n<\/div>\n<div readability=\"57\">\n<p>Le pr\u00e9sident du Faso Roch Marc Christian Kabor\u00e9 a exprim\u00e9, vendredi, sa compassion aux familles des cinq militaires tu\u00e9s hier soir dans une embuscade tendue par des terroristes \u00e0 To\u00e9ni (nord-ouest).Selon le service de communication de la pr\u00e9sidence du Faso, le pr\u00e9sident Kabor\u00e9 a \u00e9galement \u00absouhait\u00e9 un prompt r\u00e9tablissement aux bless\u00e9s\u00bb.<\/p>\n<p>Le chef d\u2019Etat \u00e9voquait l\u2019attaque terroriste qui a co\u00fbt\u00e9 la vie \u00e0 cinq militaires burkinab\u00e8 et bless\u00e9 deux autres, \u00e0 To\u00e9ni, dans la province du Sourou (nord-ouest), \u00e0 plus de 200 km de Ouagadougou.<\/p>\n<p>Le Burkina Faso fait face, depuis plus de trois ans, \u00e0 des attaques terroristes r\u00e9currentes, faisant des victimes aussi bien du c\u00f4t\u00e9 des Forces de d\u00e9fense et de s\u00e9curit\u00e9 (FDS) que des civils.<\/p>\n<p>L\u2019une des attaques les plus sanglantes est celle enregistr\u00e9e le 19 ao\u00fbt dernier \u00e0 Koutougou (Sahel), o\u00f9 l\u2019arm\u00e9e nationale a perdu 24 soldats, mais est parvenue \u00e0 \u00abneutraliser\u00bb 40 terroristes.<\/p>\n<\/div>\n<p>Auteur: APA News<br \/>\n<a href=\"https:\/\/www.journalducameroun.com\/burkina-le-president-kabore-exprime-sa-compassion-apres-la-mort-de-cinq-soldats\/\">Cliquez ici pour lire l&rsquo;article depuis sa source.<\/a><\/p>\n","protected":false},"excerpt":{"rendered":"<p>Publi\u00e9 le 20.09.2019 \u00e0 20h18 par APA News Le pr\u00e9sident du Faso Roch Marc Christian Kabor\u00e9 a exprim\u00e9, vendredi, sa compassion aux familles des cinq militaires tu\u00e9s hier soir dans une embuscade tendue par des terroristes \u00e0 To\u00e9ni (nord-ouest).Selon le service de communication de la pr\u00e9sidence du Faso, le pr\u00e9sident Kabor\u00e9 a \u00e9galement \u00absouhait\u00e9 un [&hellip;]<\/p>\n","protected":false},"author":1965,"featured_media":0,"comment_status":"closed","ping_status":"closed","sticky":false,"template":"","format":"standard","meta":{"fifu_image_url":"","fifu_image_alt":"","footnotes":""},"categories":[73,82],"tags":[],"class_list":["post-61827","post","type-post","status-publish","format-standard","hentry","category-actualite","category-cameroun"],"_links":{"self":[{"href":"https:\/\/linitiative.ca\/International\/wp-json\/wp\/v2\/posts\/61827","targetHints":{"allow":["GET"]}}],"collection":[{"href":"https:\/\/linitiative.ca\/International\/wp-json\/wp\/v2\/posts"}],"about":[{"href":"https:\/\/linitiative.ca\/International\/wp-json\/wp\/v2\/types\/post"}],"author":[{"embeddable":true,"href":"https:\/\/linitiative.ca\/International\/wp-json\/wp\/v2\/users\/1965"}],"replies":[{"embeddable":true,"href":"https:\/\/linitiative.ca\/International\/wp-json\/wp\/v2\/comments?post=61827"}],"version-history":[{"count":0,"href":"https:\/\/linitiative.ca\/International\/wp-json\/wp\/v2\/posts\/61827\/revisions"}],"wp:attachment":[{"href":"https:\/\/linitiative.ca\/International\/wp-json\/wp\/v2\/media?parent=61827"}],"wp:term":[{"taxonomy":"category","embeddable":true,"href":"https:\/\/linitiative.ca\/International\/wp-json\/wp\/v2\/categories?post=61827"},{"taxonomy":"post_tag","embeddable":true,"href":"https:\/\/linitiative.ca\/International\/wp-json\/wp\/v2\/tags?post=61827"}],"curies":[{"name":"wp","href":"https:\/\/api.w.org\/{rel}","templated":true}]}}