{"id":61831,"date":"2019-09-20T05:22:58","date_gmt":"2019-09-20T09:22:58","guid":{"rendered":"https:\/\/linitiative.ca\/International\/creation-dentreprise-pme-et-pmi-denoncent-des-derives-dans-les-procedures-administratives-et-normatives\/"},"modified":"2019-09-20T05:22:58","modified_gmt":"2019-09-20T09:22:58","slug":"creation-dentreprise-pme-et-pmi-denoncent-des-derives-dans-les-procedures-administratives-et-normatives","status":"publish","type":"post","link":"https:\/\/linitiative.ca\/International\/creation-dentreprise-pme-et-pmi-denoncent-des-derives-dans-les-procedures-administratives-et-normatives\/","title":{"rendered":"Cr\u00e9ation d\u2019entreprise : Pme et Pmi d\u00e9noncent des d\u00e9rives dans les proc\u00e9dures administratives et normatives"},"content":{"rendered":"<p>\u00ab<em>\u00a0De l\u2019usine au march\u00e9\u00a0: les solutions aux d\u00e9fis de production et de distribution par les Pme\/Pmi au Cameroun\u00a0<\/em>\u00bb. C\u2019est sous ce th\u00e8me que s\u2019est d\u00e9roul\u00e9e, le 18 septembre 2019 \u00e0 Yaound\u00e9, la 2<sup>e<\/sup>\u00a0\u00e9dition du <strong>Business Networking Forum<\/strong>. Organis\u00e9e par <strong>Afriland First Bank<\/strong>, cette rencontre a regroup\u00e9 une centaine de repr\u00e9sentants de Pme et Pmi des secteurs de la construction, de l\u2019agroalimentaire, de la cosm\u00e9tique et de la papeterie. Occasion pour les producteurs et distributeurs locaux de relever des difficult\u00e9s rencontr\u00e9es au moment de la cr\u00e9ation et du fonctionnement de leurs entreprises. Parmi leurs pr\u00e9occupations majeures, figure en bonne place la corruption. Des m\u00e9thodes qui frisent l\u2019acharnement, comme en t\u00e9moigne un entrepreneur qui dit avoir \u00e9t\u00e9 l\u2019objet d\u2019un redressement fiscal imaginatif de <strong>143 millions de Fcfa<\/strong> par des agents qui avaient pour but de lui soutirer <strong>10 millions de Fcfa<\/strong> afin d\u2019effacer l\u2019\u00e9ponge.<\/p>\n<hr\/>\n<p><span class=\"c2\"><strong>>> Lire aussi \u2013 <a href=\"https:\/\/ecomatin.net\/entreprises-100-pme-et-pmi-attendues-au-business-networking-forum\/\">Entreprises : 100 Pme et Pmi attendues au Business Networking Forum<\/a><\/strong><\/span><\/p>\n<hr\/>\n<p>Selon les acteurs \u00e9conomiques, ces faits sont nombreux, mais il existe plusieurs autres entraves \u00e0 leur d\u00e9veloppement. Il s\u2019agit notamment des proc\u00e9dures. <strong>G\u00e9rard Ngoptche<\/strong>, acteur du secteur de la papeterie, soutient qu\u2019entre l\u2019existence d\u2019une r\u00e9glementation et son application sur le terrain, il y a un gouffre. En plus de cela, les responsables des Pme\/Pmi accusent l\u2019opacit\u00e9 au sein des administrations, soutenant que l\u2019acc\u00e8s aux documents relatifs \u00e0 la r\u00e9glementation en mati\u00e8re de cr\u00e9ation d\u2019entreprise est difficile. Ils d\u00e9noncent \u00e9galement les pesanteurs. \u00ab\u00a0<em>Nous travaillons r\u00e9guli\u00e8rement avec les organismes comme l\u2019Anor, mais il existe des pesanteurs qui nous sont pr\u00e9judiciables\u00a0; tandis qu\u2019au niveau du Mincommerce, les comp\u00e9tences de certains services se chevauchent<\/em>\u00a0\u00bb, souligne <strong>David Armand Tchetcheko<\/strong>, responsable QHSE de <strong>Tall Investment Group<\/strong>, maison-m\u00e8re des supermarch\u00e9s Santa Lucia.<\/p>\n<hr\/>\n<p><span class=\"c2\"><strong>>> Lire aussi \u2013 <a href=\"https:\/\/ecomatin.net\/entrepreneuriat-lappui-de-societe-generale-aux-pme-camerounaises\/\">Entrepreneuriat : l\u2019appui de Soci\u00e9t\u00e9 G\u00e9n\u00e9rale aux PME camerounaises<\/a><\/strong><\/span><\/p>\n<hr\/>\n<p>Le panel a reconnu que ces contraintes peuvent exister, d\u2019o\u00f9 l\u2019importance de ce forum. Mod\u00e9rateur des d\u00e9bats, l\u2019\u00e9conomiste Jean Claude Evina Ebe a d\u2019ailleurs recadr\u00e9 les discussions. \u00ab\u00a0Le d\u00e9bat porte sur un aspect souvent \u00e9lud\u00e9, celui de l\u2019\u00e9tude de faisabilit\u00e9 au moment de lancer une entreprise, notamment les formalit\u00e9s administratives et normatives\u00a0\u00bb, a-t-il indiqu\u00e9. De fait, les diff\u00e9rentes administrations impliqu\u00e9es dans le processus de cr\u00e9ation et de viabilit\u00e9 des Pme\/Pmi ont apport\u00e9 leurs contributions pour \u00e9difier les acteurs \u00e9conomiques sur les diff\u00e9rentes proc\u00e9dures, afin de surmonter les potentielles difficult\u00e9s.<\/p>\n<p>Au minist\u00e8re en charge de la protection de l\u2019environnement, le chef de la division des \u00e9tudes et de la coop\u00e9ration regrette que les promoteurs de Pme\/Pmi se renseignent tr\u00e8s peu avant de lancer leurs activit\u00e9s. Il leur est donc difficile de savoir que le processus exige l\u2019obtention pr\u00e9alable de diff\u00e9rents agr\u00e9ments comme le certificat de conformit\u00e9 environnemental, un manifeste de tra\u00e7abilit\u00e9 lorsque l\u2019activit\u00e9 n\u00e9cessite le transport des mat\u00e9riaux et des produits, un agr\u00e9ment qui atteste de la technicit\u00e9 de l\u2019entreprise en ce qui concerne l\u2019utilisation des produits. M. Foko kamdem, de la cellule des statistiques du minist\u00e8re du Commerce rench\u00e9rit en r\u00e9v\u00e9lant que \u00ab\u00a0de nombreux op\u00e9rateurs font fi des exigences auxquelles ils doivent se soumettre\u00a0\u00bb. Pour ce qui concerne l\u2019Agence des normes et de la qualit\u00e9 (Anor), tr\u00e8s sollicit\u00e9e au cours du forum, l\u2019on apprend qu\u2019elle d\u00e9livre directement un certificat pour les produits locaux, tandis que l\u2019\u00e9valuation de la conformit\u00e9 des produits venus de l\u2019ext\u00e9rieur se fait en amont dans le pays d\u2019origine. Autant de pr\u00e9cisions qui, \u00e0 l\u2019avenir, devraient permettre aux entrepreneurs, de surmonter les entraves \u00e0 leur impl\u00e9mentation et \u00e0 leur d\u00e9veloppement.<\/p>\n<hr\/>\n<p><span class=\"c2\"><strong>>> Lire aussi \u2013 <a href=\"https:\/\/ecomatin.net\/dette-interieure-le-minfi-debloque-8-milliards-fcfa-pour-payer-la-dette-des-pme-tombees-dans-le-clos\/\">Dette int\u00e9rieure : le Minfi d\u00e9bloque 8 milliards FCFA pour payer la dette des PME \u00ab tomb\u00e9es dans le clos \u00bb<\/a><\/strong><\/span><\/p>\n<hr\/>\n<p>Au final, le Business Networking Forum semble avoir atteint son objectif. Apr\u00e8s celle de juin dernier, la 2<sup>e<\/sup>\u00a0\u00e9dition de ce cadre d\u2019\u00e9changes a en effet permis aux entreprises concern\u00e9es d\u2019acc\u00e9der \u00e0 des informations pour am\u00e9liorer la profitabilit\u00e9 et la p\u00e9rennit\u00e9 de leurs business, tout en g\u00e9n\u00e9rant pour elles des opportunit\u00e9s d\u2019affaires.<\/p>\n<div class=\"about-author about-author-box container-wrapper\">\n<div class=\"author-avatar\">\n<p><img decoding=\"async\" src=\"http:\/\/\" alt=\"\"\/><\/p>\n<\/div>\n<p><h4>La R\u00e9daction EcoMatin<\/h4>\n<\/p>\n<\/div>\n<div class=\"awac-wrapper awac widget blog_subscription-2\">\n<h4 class=\"widget-title\">Abonnez-vous \u00e0 notre lettre d&rsquo;information<\/h4>\n<\/div>\n<p>Auteur: EcoMatin<br \/>\n<a href=\"https:\/\/ecomatin.net\/creation-dentreprise-pme-et-pmi-denoncent-des-derives-dans-les-procedures-administratives-et-normatives\/\">Cliquez ici pour lire l&rsquo;article depuis sa source.<\/a><\/p>\n","protected":false},"excerpt":{"rendered":"<p>\u00ab\u00a0De l\u2019usine au march\u00e9\u00a0: les solutions aux d\u00e9fis de production et de distribution par les Pme\/Pmi au Cameroun\u00a0\u00bb. C\u2019est sous ce th\u00e8me que s\u2019est d\u00e9roul\u00e9e, le 18 septembre 2019 \u00e0 Yaound\u00e9, la 2e\u00a0\u00e9dition du Business Networking Forum. Organis\u00e9e par Afriland First Bank, cette rencontre a regroup\u00e9 une centaine de repr\u00e9sentants de Pme et Pmi des [&hellip;]<\/p>\n","protected":false},"author":1969,"featured_media":0,"comment_status":"closed","ping_status":"closed","sticky":false,"template":"","format":"standard","meta":{"fifu_image_url":"","fifu_image_alt":"","footnotes":""},"categories":[82,78],"tags":[],"class_list":["post-61831","post","type-post","status-publish","format-standard","hentry","category-cameroun","category-economie"],"_links":{"self":[{"href":"https:\/\/linitiative.ca\/International\/wp-json\/wp\/v2\/posts\/61831","targetHints":{"allow":["GET"]}}],"collection":[{"href":"https:\/\/linitiative.ca\/International\/wp-json\/wp\/v2\/posts"}],"about":[{"href":"https:\/\/linitiative.ca\/International\/wp-json\/wp\/v2\/types\/post"}],"author":[{"embeddable":true,"href":"https:\/\/linitiative.ca\/International\/wp-json\/wp\/v2\/users\/1969"}],"replies":[{"embeddable":true,"href":"https:\/\/linitiative.ca\/International\/wp-json\/wp\/v2\/comments?post=61831"}],"version-history":[{"count":0,"href":"https:\/\/linitiative.ca\/International\/wp-json\/wp\/v2\/posts\/61831\/revisions"}],"wp:attachment":[{"href":"https:\/\/linitiative.ca\/International\/wp-json\/wp\/v2\/media?parent=61831"}],"wp:term":[{"taxonomy":"category","embeddable":true,"href":"https:\/\/linitiative.ca\/International\/wp-json\/wp\/v2\/categories?post=61831"},{"taxonomy":"post_tag","embeddable":true,"href":"https:\/\/linitiative.ca\/International\/wp-json\/wp\/v2\/tags?post=61831"}],"curies":[{"name":"wp","href":"https:\/\/api.w.org\/{rel}","templated":true}]}}