{"id":61832,"date":"2019-09-20T06:48:33","date_gmt":"2019-09-20T10:48:33","guid":{"rendered":"https:\/\/linitiative.ca\/International\/grand-dialogue-national-les-assises-se-tiennent-du-30-septembre-au-4-octobre\/"},"modified":"2019-09-20T06:48:33","modified_gmt":"2019-09-20T10:48:33","slug":"grand-dialogue-national-les-assises-se-tiennent-du-30-septembre-au-4-octobre","status":"publish","type":"post","link":"https:\/\/linitiative.ca\/International\/grand-dialogue-national-les-assises-se-tiennent-du-30-septembre-au-4-octobre\/","title":{"rendered":"Grand Dialogue National\u00a0: les assises se tiennent du 30 septembre au 4 octobre"},"content":{"rendered":"<p><span lang=\"FR\">Selon les informations en provenance des services du Premier ministre, les assises du Dialogue national convoqu\u00e9 par le pr\u00e9sident de la R\u00e9publique, Paul Biya, vont se tenir du 30 septembre au 4 octobre 2019. L\u2019objectif de ces assises, qui se tiendront au palais des Congr\u00e8s de Yaound\u00e9, est de mobiliser toutes les forces vives du pays, aussi bien de l\u2019int\u00e9rieur qu\u2019hors du territoire national, afin de trouver des solutions pour que les populations des r\u00e9gions du Nord-ouest et du Sud-ouest retrouvent le cours normal de leurs vies, et puissent de nouveau exercer leurs activit\u00e9s \u00e9conomiques et sociales en toute s\u00e9curit\u00e9.<\/span><\/p>\n<hr\/>\n<p><span class=\"c2\"><strong>>> Lire aussi \u2013 <a href=\"https:\/\/ecomatin.net\/?p=11647&#038;preview=true\">Grand Dialogue National\u00a0: les assises se tiennent du 30 septembre au 4 octobre<\/a><\/strong><\/span><\/p>\n<hr\/>\n<p><span lang=\"FR\">Plusieurs th\u00e9matiques ont \u00e9t\u00e9 retenues comme centres d\u2019int\u00e9r\u00eat pour le d\u00e9roulement les assises.\u00a0 Elles vont du bilinguisme au r\u00f4le de la diaspora \u00a0dans le d\u00e9veloppement du Cameroun, en passant par la diversit\u00e9 culturelle et la coh\u00e9sion sociale, la reconstruction et le d\u00e9veloppement des zones touch\u00e9es par le conflit, le retour des r\u00e9fugi\u00e9s et des personnes d\u00e9plac\u00e9es, le syst\u00e8me \u00e9ducatif et judiciaire, la d\u00e9centralisation et le d\u00e9veloppement local, la d\u00e9mobilisation et la r\u00e9insertion des ex-combattants\u2026<\/span><\/p>\n<p><span lang=\"FR\">Les participants vont se recruter partout. Sont en effet attendus au Dialogue national parlementaires, hommes politiques de tous bords, leaders d\u2019opinion, intellectuels, acteurs \u00e9conomiques, autorit\u00e9s traditionnelles et religieuses, membres de la diaspora, repr\u00e9sentants des groupes arm\u00e9s et des victimes de la crise, et aussi forces de s\u00e9curit\u00e9 et de d\u00e9fense\u2026<\/span><\/p>\n<hr\/>\n<p><strong><span class=\"c3\">>> Lire aussi \u2013 <a href=\"https:\/\/ecomatin.net\/le-grand-dialogue-national-a-son-site-internet\/\">Le Grand Dialogue National a son site internet<\/a><\/span><\/strong><\/p>\n<hr\/>\n<p><span lang=\"FR\">Tout semble avoir d\u00e9j\u00e0 \u00e9t\u00e9 mis en place, notamment sur le plan logistique pour assurer le bon d\u00e9roulement des assises. Depuis lundi, le Premier ministre Joseph Dion Ngute, charg\u00e9 de pr\u00e9sider les travaux, est en concertation avec diverses composantes sociopolitiques de la Nation afin de recueillir les contributions et les observations des uns et des autres. Et tous les moyens sont mis \u00e0 contribution pour faire participer le maximum de Camerounais, avec par exemple un site internet cr\u00e9\u00e9 \u00e0 cet effet ou encore le diffusion du \u00ab\u00a0Manuel de dialogue national\u00a0\u00bb, un document de 328 pages \u00e0 l\u2019attention des praticiens.\u00a0<\/span><\/p>\n<div class=\"awac-wrapper awac widget blog_subscription-2\">\n<h4 class=\"widget-title\">Abonnez-vous \u00e0 notre lettre d&rsquo;information<\/h4>\n<\/div>\n<p>Auteur: Francky wilfried Onana<br \/>\n<a href=\"https:\/\/ecomatin.net\/grand-dialogue-national-les-assises-se-tiennent-du-30-septembre-au-4-octobre\/\">Cliquez ici pour lire l&rsquo;article depuis sa source.<\/a><\/p>\n","protected":false},"excerpt":{"rendered":"<p>Selon les informations en provenance des services du Premier ministre, les assises du Dialogue national convoqu\u00e9 par le pr\u00e9sident de la R\u00e9publique, Paul Biya, vont se tenir du 30 septembre au 4 octobre 2019. L\u2019objectif de ces assises, qui se tiendront au palais des Congr\u00e8s de Yaound\u00e9, est de mobiliser toutes les forces vives du [&hellip;]<\/p>\n","protected":false},"author":1969,"featured_media":0,"comment_status":"closed","ping_status":"closed","sticky":false,"template":"","format":"standard","meta":{"fifu_image_url":"","fifu_image_alt":"","footnotes":""},"categories":[82,78],"tags":[],"class_list":["post-61832","post","type-post","status-publish","format-standard","hentry","category-cameroun","category-economie"],"_links":{"self":[{"href":"https:\/\/linitiative.ca\/International\/wp-json\/wp\/v2\/posts\/61832","targetHints":{"allow":["GET"]}}],"collection":[{"href":"https:\/\/linitiative.ca\/International\/wp-json\/wp\/v2\/posts"}],"about":[{"href":"https:\/\/linitiative.ca\/International\/wp-json\/wp\/v2\/types\/post"}],"author":[{"embeddable":true,"href":"https:\/\/linitiative.ca\/International\/wp-json\/wp\/v2\/users\/1969"}],"replies":[{"embeddable":true,"href":"https:\/\/linitiative.ca\/International\/wp-json\/wp\/v2\/comments?post=61832"}],"version-history":[{"count":0,"href":"https:\/\/linitiative.ca\/International\/wp-json\/wp\/v2\/posts\/61832\/revisions"}],"wp:attachment":[{"href":"https:\/\/linitiative.ca\/International\/wp-json\/wp\/v2\/media?parent=61832"}],"wp:term":[{"taxonomy":"category","embeddable":true,"href":"https:\/\/linitiative.ca\/International\/wp-json\/wp\/v2\/categories?post=61832"},{"taxonomy":"post_tag","embeddable":true,"href":"https:\/\/linitiative.ca\/International\/wp-json\/wp\/v2\/tags?post=61832"}],"curies":[{"name":"wp","href":"https:\/\/api.w.org\/{rel}","templated":true}]}}