{"id":61833,"date":"2019-09-20T14:41:07","date_gmt":"2019-09-20T18:41:07","guid":{"rendered":"https:\/\/linitiative.ca\/International\/football-qui-est-toni-conceicao-nouveau-coach-des-lions-indomptable-du-cameroun\/"},"modified":"2019-09-20T14:41:07","modified_gmt":"2019-09-20T18:41:07","slug":"football-qui-est-toni-conceicao-nouveau-coach-des-lions-indomptable-du-cameroun","status":"publish","type":"post","link":"https:\/\/linitiative.ca\/International\/football-qui-est-toni-conceicao-nouveau-coach-des-lions-indomptable-du-cameroun\/","title":{"rendered":"Football: qui est Toni Concei\u00e7ao, nouveau coach des Lions indomptable du Cameroun"},"content":{"rendered":"<div class=\"featured-area featured-area-inner\"><img loading=\"lazy\" decoding=\"async\" width=\"780\" height=\"405\" src=\"https:\/\/i0.wp.com\/ecomatin.net\/wp-content\/uploads\/2019\/09\/ecomatin.net-football-qui-est-toni-conceicao-nouveau-coach-des-lions-indomptable-du-cameroun-img-20190920-193705.jpg?resize=780%2C405&#038;ssl=1&#038;is-pending-load=1\" class=\"attachment-jannah-image-post size-jannah-image-post wp-post-image jetpack-lazy-image\" alt=\"\" data-attachment-id=\"11663\" data-permalink=\"https:\/\/ecomatin.net\/football-qui-est-toni-conceicao-nouveau-coach-des-lions-indomptable-du-cameroun\/img-20190920-193705\/\" data-orig-file=\"https:\/\/i0.wp.com\/ecomatin.net\/wp-content\/uploads\/2019\/09\/ecomatin.net-football-qui-est-toni-conceicao-nouveau-coach-des-lions-indomptable-du-cameroun-img-20190920-193705.jpg?fit=1080%2C1302&#038;ssl=1\" data-orig-size=\"1080,1302\" data-comments-opened=\"0\" data-image-meta=\"{\"aperture\":\"0\",\"credit\":\"\",\"camera\":\"\",\"caption\":\"\",\"created_timestamp\":\"0\",\"copyright\":\"\",\"focal_length\":\"0\",\"iso\":\"0\",\"shutter_speed\":\"0\",\"title\":\"\",\"orientation\":\"1\"}\" data-image-title=\"IMG-20190920-193705\" data-image-description=\"\" data-medium-file=\"https:\/\/i0.wp.com\/ecomatin.net\/wp-content\/uploads\/2019\/09\/ecomatin.net-football-qui-est-toni-conceicao-nouveau-coach-des-lions-indomptable-du-cameroun-img-20190920-193705.jpg?fit=249%2C300&#038;ssl=1\" data-large-file=\"https:\/\/i0.wp.com\/ecomatin.net\/wp-content\/uploads\/2019\/09\/ecomatin.net-football-qui-est-toni-conceicao-nouveau-coach-des-lions-indomptable-du-cameroun-img-20190920-193705.jpg?fit=849%2C1024&#038;ssl=1\" srcset=\"data:image\/gif;base64,R0lGODlhAQABAIAAAAAAAP\/\/\/yH5BAEAAAAALAAAAAABAAEAAAIBRAA7\"\/><\/div>\n<div class=\"entry-content entry clearfix\" readability=\"60\">\n<p><em>L\u2019\u00e9quipe<\/em> nationale fanion de football du Cameroun a un nouvel entra\u00eeneur s\u00e9lectionneur en la personne d\u2019Antonio Concei\u00e7ao Da Silva Oliveira Sa nomination \u00e0 la t\u00eate des Lions indomptables a \u00e9t\u00e9 rendue publique vendredi 20 septembre 2019 par le ministre des Sports, Mouelle Kombi.<\/p>\n<p>Surnomm\u00e9 \u00ab\u00a0Toni Concei\u00e7ao\u00a0\u00bb, le nouvel entra\u00eeneur s\u00e9lectionneur, est de nationalit\u00e9 portugaise. \u00c2g\u00e9 de 58 ans, Toni Concei\u00e7ao a \u00e9t\u00e9 joueur pendant 11 ans, entre 1980 et 1991. Il a notamment \u00e9t\u00e9 vainqueur du championnat portugais en 1990 et vainqueur de la Coupe du Portugal en 1991 avec le m\u00eame club, le FC Porto.<\/p>\n<p>Sa carri\u00e8re d\u2019entra\u00eeneur d\u00e9bute en 2002 et l\u2019a men\u00e9 dans plusieurs clubs amateurs et professionnels, notamment en Roumanie o\u00f9 il a glan\u00e9 quelques titres.<br \/>Toni Concei\u00e7ao sera second\u00e9 dans ses nouvelles missions \u00e0 la t\u00eate du staff technique des Lions indomptables par le Camerounais Fran\u00e7ois Omam Biyick, ancienne gloire du football Camerounais, comme adjoint principal. L\u2019encadrement des gardiens de buts revient \u00e0 Jacques C\u00e9lestin Songo\u2019o, tandis que le staff m\u00e9dical sera dirig\u00e9 par Pr. William Ngatchou Djomo.<\/p>\n<p>Pour ce qui est des Lions indomptables A\u2019, leur nouvel entra\u00eeneur s\u00e9lectionneur est Yves Arroga \u00e0 Atsentso. Il sera second\u00e9 par Cl\u00e9ment Assiga, tandis que Herv\u00e9 Mbome s\u2019occupera d\u2019encadrer les gardiens de buts.<\/p>\n<div class=\"about-author about-author-box container-wrapper\">\n<div class=\"author-avatar\">\n<p><img decoding=\"async\" src=\"http:\/\/\" alt=\"\"\/><\/p>\n<\/div>\n<p><h4>La R\u00e9daction EcoMatin<\/h4>\n<\/p>\n<\/div>\n<div class=\"awac-wrapper awac widget blog_subscription-2\">\n<h4 class=\"widget-title\">Abonnez-vous \u00e0 notre lettre d&rsquo;information<\/h4>\n<\/div>\n<\/div>\n<div class=\"toggle-post-content clearfix\"><a id=\"toggle-post-button\" class=\"button\" href=\"#\">Afficher plus <\/a><\/div>\n<p>Auteur: EcoMatin<br \/>\n<a href=\"https:\/\/ecomatin.net\/football-qui-est-toni-conceicao-nouveau-coach-des-lions-indomptable-du-cameroun\/\">Cliquez ici pour lire l&rsquo;article depuis sa source.<\/a><\/p>\n","protected":false},"excerpt":{"rendered":"<p>L\u2019\u00e9quipe nationale fanion de football du Cameroun a un nouvel entra\u00eeneur s\u00e9lectionneur en la personne d\u2019Antonio Concei\u00e7ao Da Silva Oliveira Sa nomination \u00e0 la t\u00eate des Lions indomptables a \u00e9t\u00e9 rendue publique vendredi 20 septembre 2019 par le ministre des Sports, Mouelle Kombi. Surnomm\u00e9 \u00ab\u00a0Toni Concei\u00e7ao\u00a0\u00bb, le nouvel entra\u00eeneur s\u00e9lectionneur, est de nationalit\u00e9 portugaise. \u00c2g\u00e9 [&hellip;]<\/p>\n","protected":false},"author":1969,"featured_media":0,"comment_status":"closed","ping_status":"closed","sticky":false,"template":"","format":"standard","meta":{"fifu_image_url":"","fifu_image_alt":"","footnotes":""},"categories":[82,78],"tags":[],"class_list":["post-61833","post","type-post","status-publish","format-standard","hentry","category-cameroun","category-economie"],"_links":{"self":[{"href":"https:\/\/linitiative.ca\/International\/wp-json\/wp\/v2\/posts\/61833","targetHints":{"allow":["GET"]}}],"collection":[{"href":"https:\/\/linitiative.ca\/International\/wp-json\/wp\/v2\/posts"}],"about":[{"href":"https:\/\/linitiative.ca\/International\/wp-json\/wp\/v2\/types\/post"}],"author":[{"embeddable":true,"href":"https:\/\/linitiative.ca\/International\/wp-json\/wp\/v2\/users\/1969"}],"replies":[{"embeddable":true,"href":"https:\/\/linitiative.ca\/International\/wp-json\/wp\/v2\/comments?post=61833"}],"version-history":[{"count":0,"href":"https:\/\/linitiative.ca\/International\/wp-json\/wp\/v2\/posts\/61833\/revisions"}],"wp:attachment":[{"href":"https:\/\/linitiative.ca\/International\/wp-json\/wp\/v2\/media?parent=61833"}],"wp:term":[{"taxonomy":"category","embeddable":true,"href":"https:\/\/linitiative.ca\/International\/wp-json\/wp\/v2\/categories?post=61833"},{"taxonomy":"post_tag","embeddable":true,"href":"https:\/\/linitiative.ca\/International\/wp-json\/wp\/v2\/tags?post=61833"}],"curies":[{"name":"wp","href":"https:\/\/api.w.org\/{rel}","templated":true}]}}