{"id":61834,"date":"2019-09-21T04:04:53","date_gmt":"2019-09-21T08:04:53","guid":{"rendered":"https:\/\/linitiative.ca\/International\/formation-le-partenariat-public-prive-en-marche\/"},"modified":"2019-09-21T04:04:53","modified_gmt":"2019-09-21T08:04:53","slug":"formation-le-partenariat-public-prive-en-marche","status":"publish","type":"post","link":"https:\/\/linitiative.ca\/International\/formation-le-partenariat-public-prive-en-marche\/","title":{"rendered":"Formation : Le partenariat public-priv\u00e9 en marche"},"content":{"rendered":"<p><img decoding=\"async\" class=\"post_layout_5_img\" src=\"http:\/\/aujourdhui.ma\/wp-content\/uploads\/2016\/02\/CGEM-rezo-label-rse-2013-06-04.jpg?x29840\" alt=\"Formation : Le partenariat public-priv\u00e9 en marche\"\/><\/p>\n<p class=\"p1\"><span class=\"c4\"><strong><em>La CGEM et le minist\u00e8re de tutelle s\u2019allient<\/em><\/strong><\/span><span id=\"more-318400\"\/><\/p>\n<p class=\"p1\">Un nouveau coup de pouce au partenariat public-priv\u00e9 dans le domaine de la formation. En effet, le ministre de l\u2019\u00e9ducation nationale, de la formation professionnelle, de l\u2019enseignement sup\u00e9rieur et de la recherche scientifique et le pr\u00e9sident de la Conf\u00e9d\u00e9ration g\u00e9n\u00e9rale des entreprises du Maroc (CGEM) ont proc\u00e9d\u00e9, en pr\u00e9sence du chef du gouvernement, \u00e0 la signature d\u2019une convention de partenariat pour la mise en place et la gestion d\u2019un institut de formation \u00e0 l\u2019entrepreneuriat et au middle management.<\/p>\n<p class=\"p1\">Sign\u00e9e en marge de la deuxi\u00e8me \u00e9dition de l\u2019universit\u00e9 d\u2019\u00e9t\u00e9 de la CGEM, organis\u00e9e \u00e0 Casablanca le 14 septembre, cette convention intervient dans le cadre de la mise en \u0153uvre des directives royales, notamment celles exprim\u00e9es dans le dernier discours prononc\u00e9 par SM le Roi Mohammed VI, le 20 ao\u00fbt 2019 \u00e0 l\u2019occasion du 66\u00e8me Anniversaire de la R\u00e9volution du Roi et du Peuple, invoquant l\u2019importance de la formation professionnelle dans la mise en place du nouveau mod\u00e8le de d\u00e9veloppement, indique dimanche un communiqu\u00e9 du minist\u00e8re de l\u2019\u00e9ducation nationale, de la formation professionnelle, de l\u2019enseignement sup\u00e9rieur et de la recherche scientifique.<\/p>\n<p class=\"p1\">Cette convention a pour objectif de d\u00e9finir le cadre et les modalit\u00e9s de mise en place de l\u2019institut de formation \u00e0 l\u2019entrepreneuriat et au middle management (IKEMM) dans les locaux de l\u2019\u00e9tablissement scolaire Al Kendy-Casablanca, pr\u00e9cise le communiqu\u00e9. Cet institut a pour mission d\u2019assurer la promotion de l\u2019auto emploi, la formation et la qualification des n\u00e9o auto-entrepreneurs et des auto-entrepreneurs et la promotion de la culture entrepreneuriale.<\/p>\n<p class=\"p1\">L\u2019IKEMM devra s\u2019\u00e9riger en r\u00e9f\u00e9rence nationale et r\u00e9gionale en mati\u00e8re de formation et de qualification dans le parcours en middle management et en entrepreneuriat et assurera un service public de formation, en respectant les principes d\u2019\u00e9galit\u00e9 des b\u00e9n\u00e9ficiaires. Les domaines de formation qui seront couverts par cet institut sont le middle management dans les m\u00e9tiers mondiaux du Maroc (a\u00e9ronautique, automobile, ferroviaire,\u2026), les fondamentaux de la gestion financi\u00e8re de l\u2019entreprise, les fondamentaux de l\u2019entrepreneuriat et les formations d\u2019approfondissement.<\/p>\n<p>Auteur: Mohamed Badrane<br \/>\n<a href=\"http:\/\/aujourdhui.ma\/emploi\/formation\/formation-le-partenariat-public-prive-en-marche\">Cliquez ici pour lire l&rsquo;article depuis sa source.<\/a><\/p>\n","protected":false},"excerpt":{"rendered":"<p>La CGEM et le minist\u00e8re de tutelle s\u2019allient Un nouveau coup de pouce au partenariat public-priv\u00e9 dans le domaine de la formation. En effet, le ministre de l\u2019\u00e9ducation nationale, de la formation professionnelle, de l\u2019enseignement sup\u00e9rieur et de la recherche scientifique et le pr\u00e9sident de la Conf\u00e9d\u00e9ration g\u00e9n\u00e9rale des entreprises du Maroc (CGEM) ont proc\u00e9d\u00e9, [&hellip;]<\/p>\n","protected":false},"author":1759,"featured_media":0,"comment_status":"closed","ping_status":"closed","sticky":false,"template":"","format":"standard","meta":{"fifu_image_url":"","fifu_image_alt":"","footnotes":""},"categories":[73,54],"tags":[],"class_list":["post-61834","post","type-post","status-publish","format-standard","hentry","category-actualite","category-maroc"],"_links":{"self":[{"href":"https:\/\/linitiative.ca\/International\/wp-json\/wp\/v2\/posts\/61834","targetHints":{"allow":["GET"]}}],"collection":[{"href":"https:\/\/linitiative.ca\/International\/wp-json\/wp\/v2\/posts"}],"about":[{"href":"https:\/\/linitiative.ca\/International\/wp-json\/wp\/v2\/types\/post"}],"author":[{"embeddable":true,"href":"https:\/\/linitiative.ca\/International\/wp-json\/wp\/v2\/users\/1759"}],"replies":[{"embeddable":true,"href":"https:\/\/linitiative.ca\/International\/wp-json\/wp\/v2\/comments?post=61834"}],"version-history":[{"count":0,"href":"https:\/\/linitiative.ca\/International\/wp-json\/wp\/v2\/posts\/61834\/revisions"}],"wp:attachment":[{"href":"https:\/\/linitiative.ca\/International\/wp-json\/wp\/v2\/media?parent=61834"}],"wp:term":[{"taxonomy":"category","embeddable":true,"href":"https:\/\/linitiative.ca\/International\/wp-json\/wp\/v2\/categories?post=61834"},{"taxonomy":"post_tag","embeddable":true,"href":"https:\/\/linitiative.ca\/International\/wp-json\/wp\/v2\/tags?post=61834"}],"curies":[{"name":"wp","href":"https:\/\/api.w.org\/{rel}","templated":true}]}}