{"id":61836,"date":"2019-09-21T04:06:17","date_gmt":"2019-09-21T08:06:17","guid":{"rendered":"https:\/\/linitiative.ca\/International\/mourad-el-mahjoubi-depuis-notre-installation-il-y-a-4-ans-lensemble-de-nos-programmes-sont-tres-demandes\/"},"modified":"2019-09-21T04:06:17","modified_gmt":"2019-09-21T08:06:17","slug":"mourad-el-mahjoubi-depuis-notre-installation-il-y-a-4-ans-lensemble-de-nos-programmes-sont-tres-demandes","status":"publish","type":"post","link":"https:\/\/linitiative.ca\/International\/mourad-el-mahjoubi-depuis-notre-installation-il-y-a-4-ans-lensemble-de-nos-programmes-sont-tres-demandes\/","title":{"rendered":"Mourad El Mahjoubi : \u00abDepuis notre installation il y a 4 ans, l\u2019ensemble de nos programmes sont tr\u00e8s demand\u00e9s\u00bb"},"content":{"rendered":"<p><img decoding=\"async\" class=\"post_layout_5_img\" src=\"http:\/\/aujourdhui.ma\/wp-content\/uploads\/2019\/09\/Mourad-El-Mahjoubi-Emlyon-Business-School.jpg?x29840\" alt=\"Mourad El Mahjoubi : \u00abDepuis notre installation il y a 4 ans, l\u2019ensemble de nos programmes sont tr\u00e8s demand\u00e9s\u00bb\"\/><\/p>\n<p class=\"p1\"><span class=\"c5\"><strong><span class=\"c4\"><em>Entretien avec<\/em> Mourad El Mahjoubi<em>, directeur d\u2019Emlyon Business School<\/em><\/span><\/strong><\/span><span id=\"more-318404\"\/><\/p>\n<div class=\"base-box mom_box_sc_custom mom_box_sc clear c6\" readability=\"11\">\n<p class=\"p1\"><span class=\"s1\"><strong>Nos parcours certifiants sont con\u00e7us dans la tradition d\u2019excellence p\u00e9dagogique d\u2019Emlyon Business School, mais aussi en prise directe avec les r\u00e9alit\u00e9s de l\u2019entreprise, nous concevons et mettons en \u0153uvre des exp\u00e9riences p\u00e9dagogiques innovantes.<\/strong><\/span><\/p>\n<\/div>\n<p class=\"p1\"><span class=\"s1\"><strong>ALM : Quelles sont les principales nouveaut\u00e9s chez Emlyon pour la rentr\u00e9e actuelle?<\/strong><\/span><\/p>\n<p class=\"p1\"><span class=\"s1\"><strong>Mourad El Mahjoubi :<\/strong> Pour cette nouvelle rentr\u00e9e acad\u00e9mique nous lan\u00e7ons notre Master Management des Services de Sant\u00e9 en partenariat avec l\u2019Ecole nationale de sant\u00e9 publique. Cette formation cible principalement les professionnels du secteur de la sant\u00e9, du professionnel actif au gestionnaire des \u00e9tablissements publics ou priv\u00e9s. Ce master, d\u2019une dur\u00e9e de 4 semestres d\u2019\u00e9tudes, se fait sur un apprentissage hybride avec une formation en pr\u00e9sentiel et en e-learning. Le parcours int\u00e8gre, \u00e0 travers un learning trip, une exp\u00e9rience \u00e0 l\u2019international avec une immersion professionnelle et exp\u00e9rientielle dans le domaine de sant\u00e9.<\/span><\/p>\n<p class=\"p1\"><span class=\"s1\">Ce cursus vient compl\u00e9ter notre proposition de Mast\u00e8res Sp\u00e9cialis\u00e9s : M.S Transformation Digitale Marketing &#038; Strat\u00e9gie, M.S Ing\u00e9nierie Financi\u00e8re et M.S Entrepreneuriat &#038; Management de l\u2019Innovation.<\/span><\/p>\n<p class=\"p1\"><span class=\"s1\">C\u2019est en lien avec ce dernier que nous lan\u00e7ons \u00e9galement lors de cette rentr\u00e9e notre incubateur sur le Campus Casablanca. Nous<span class=\"Apple-converted-space\">\u00a0<\/span> souhaitons, avec notre exp\u00e9rience Incubateur de nos autres campus, soutenir et renforcer la cr\u00e9ation et le d\u00e9veloppement d\u2019entreprises innovantes en accompagnant les porteurs de projets vers la r\u00e9ussite et la p\u00e9rennit\u00e9. Notre incubateur proposera deux programmes: pr\u00e9-incubation pour les projets en phase d\u2019id\u00e9ation et incubation pour les projets en phase de lancement.<\/span><\/p>\n<p class=\"p1\"><span class=\"s1\">Autre nouveaut\u00e9, l\u2019acc\u00e9l\u00e9ration sur l\u2019hybridation, \u00e0 travers des partenariats avec l\u2019Universit\u00e9 Internationale de Casablanca et l\u2019Universit\u00e9 Priv\u00e9e de Marrakech, o\u00f9 nous proposons une double diplomation \u00e0 la cl\u00e9 : un dipl\u00f4me de l\u2019UIC ou l\u2019UPM reconnu par l\u2019Etat marocain et un dipl\u00f4me d\u2019Emlyon Business School reconnu en France et \u00e0 l\u2019international.\u00a0<\/span><\/p>\n<p class=\"p1\"><span class=\"s1\">Le lancement de notre 6\u00e8me promotion Executive MBA marque \u00e9galement cette rentr\u00e9e (fin septembre) avec une distinction marqu\u00e9e par le positionnement de celui-ci : N\u00b01 en Afrique, Top 20 en Europe et Top 50 au niveau mondial.<\/span><\/p>\n<p class=\"p1\"><span class=\"s1\">Je finirais avec l\u2019ouverture de notre campus \u00e0 Bhubaneswar en Inde qui marque notre projet de globalisation et qui offrira \u00e0 nos \u00e9tudiants Global BBA de Casablanca une destination suppl\u00e9mentaire (en plus de Paris, Saint-Etienne, Shanghai) pour une exp\u00e9rience acad\u00e9mique et culturelle \u00e0 l\u2019international durant leur parcours.<\/span><\/p>\n<p class=\"p1\"><span class=\"s1\"><strong>Quel r\u00f4le peut jouer l\u2019enseignement sup\u00e9rieur priv\u00e9 dans la r\u00e9forme men\u00e9e actuellement par le Maroc?<\/strong><\/span><\/p>\n<p class=\"p1\"><span class=\"s1\">Une r\u00e9forme ambitieuse est en cours dans l\u2019\u00e9ducation marocaine depuis 2015. Elle s\u2019\u00e9tend sur tous les niveaux de scolarisation et concerne aussi bien le secteur public que priv\u00e9. Certaines des mesures de cette r\u00e9forme ont commenc\u00e9 \u00e0 porter leurs fruits d\u00e8s cette ann\u00e9e : meilleur encadrement du secteur priv\u00e9, une hausse du taux de scolarisation d\u00e8s la maternelle jusqu\u2019au lyc\u00e9e, meilleures conditions de travail des \u00e9l\u00e8ves avec des effectifs de classe mieux contr\u00f4l\u00e9s et une de meilleure formation des enseignants. D\u2019autres r\u00e9formes, notamment celles qui concernent l\u2019\u00e9ducation sup\u00e9rieure, sont en train de se mettre en place. On esp\u00e8re un effet r\u00e9el sur le niveau des jeunes bacheliers d\u2019ici deux \u00e0 cinq ans. L\u2019enseignement sup\u00e9rieur a son r\u00f4le \u00e0 jouer sur l\u2019employabilit\u00e9 des dipl\u00f4m\u00e9s. Notre r\u00f4le n\u2019est pas d\u2019accompagner les \u00e9tudiants au dipl\u00f4me, mais bien du dipl\u00f4me \u00e0 l\u2019employabilit\u00e9.<\/span><\/p>\n<p class=\"p1\"><span class=\"s1\"><strong>Pouvez-vous nous parler des fili\u00e8res les plus pris\u00e9es par les \u00e9tudiants chez Emlyon?<\/strong><\/span><\/p>\n<p class=\"p1\"><span class=\"s1\">Depuis notre installation il y a 4 ans, l\u2019ensemble de nos programmes sont tr\u00e8s demand\u00e9s.<\/span><\/p>\n<p class=\"p1\"><span class=\"s1\">Si nous devions faire un focus, je mettrais en avant le Global BBA, programme post-bac sur 4 ans qui a connu depuis son lancement une croissance de plus de 15% chaque ann\u00e9e et notre Executive MBA class\u00e9 N\u00b01 en Afrique.<\/span><\/p>\n<p class=\"p1\"><span class=\"s1\">Le Global BBA est un dipl\u00f4me international de r\u00e9f\u00e9rence en management et gestion des affaires (Bachelor in Business Administration). C\u2019est le dipl\u00f4me post-bac le plus d\u00e9livr\u00e9 dans le monde. Le Global BBA sur 4 ans est aujourd\u2019hui le titre de r\u00e9f\u00e9rence dans les pays anglo-saxons, en Europe et en Asie. Nous avons int\u00e9gr\u00e9 d\u00e8s la premi\u00e8re ann\u00e9e du cursus un module \u00abDigital Skills\u00bb. Ce module est compos\u00e9 de trois s\u00e9minaires (Cloud, Intelligence Artificielle et Data Science) et m\u00e8ne \u00e0 une certification par notre partenaire IBM. Les \u00e9tudiants sont \u00e9galement form\u00e9s \u00e0 l\u2019utilisation de la bureautique, au traitement des donn\u00e9es et \u00e0 la communication en ligne. Bien \u00e9videmment, les outils d\u2019e-learning sont d\u00e9ploy\u00e9s tout au long du BBA. \u00c0 l\u2019issue de leur formation, les \u00e9tudiants peuvent directement entrer sur le march\u00e9 du travail, poursuivre leurs \u00e9tudes en Master\/Mast\u00e8res sp\u00e9cialis\u00e9s ou encore rejoindre le Programme Grande Ecole.<\/span><\/p>\n<p class=\"p1\"><span class=\"s1\">Autre programme tr\u00e8s pris\u00e9 sur notre Campus Casablanca : l\u2019Executive MBA. Ce parcours en 2 ans est destin\u00e9 aux cadres dirigeants exp\u00e9riment\u00e9s souhaitant s\u2019ouvrir \u00e0 de nouvelles perspectives. L\u2019accent est mis sur l\u2019acquisition d\u2019une vision internationale du management et sur le partage d\u2019exp\u00e9riences. Le cursus propose un Individual Makers Project, \u00e0 travers 2 options : Un Maker Bridge orient\u00e9 Entrepreneuriat et un Maker Bridge Corporate, chacun associ\u00e9 \u00e0 des Learning trip internationaux (Silicon Valley, Shanghai, Paris et Lyon).<\/span><\/p>\n<p class=\"p1\"><span class=\"s1\"><strong>Pourriez-vous nous parler plus de votre offre en termes de sp\u00e9cialit\u00e9s?<\/strong><\/span><\/p>\n<p class=\"p1\"><span class=\"s1\">En plus des diff\u00e9rents programmes cit\u00e9s pr\u00e9c\u00e9demment, nous proposons des formations certifiantes et des formations sur-mesure int\u00e9grant nos domaines de pr\u00e9dilection : Leadership, Innovation, Digital, Marketing, Business et Strat\u00e9gie.<\/span><\/p>\n<p class=\"p1\"><span class=\"s1\">Nos parcours certifiants sont con\u00e7us dans la tradition d\u2019excellence p\u00e9dagogique d\u2019Emlyon Business School, mais aussi en prise directe avec les r\u00e9alit\u00e9s de l\u2019entreprise, nous concevons et mettons en \u0153uvre des exp\u00e9riences p\u00e9dagogiques innovantes. Ces m\u00e9thodes p\u00e9dagogiques innovantes (LearningLab, Business Games, Action Learning\u2026) favorisent le transfert des acquis et l\u2019application concr\u00e8te des comp\u00e9tences et postures acquises, participant ainsi \u00e0 la performance de l\u2019individu dans son environnement d\u2019entreprise. Les programmes que nous concevons sont align\u00e9s avec notre signature \u00abEarly Maker\u00bb. Ils sont \u00e9labor\u00e9s pour et avec nos partenaires, sur notre expertise reconnue en Action Learning et sur le d\u00e9veloppement de m\u00e9thodes d\u2019apprentissage innovantes. Nous avons \u00e9galement d\u00e9velopp\u00e9 notre propre plateforme MOOC (Massive Open Online Course) avec un contenu fortement ancr\u00e9 dans les probl\u00e9matiques \u00e9conomiques et manag\u00e9riales tout en int\u00e9grant le contexte de d\u00e9veloppement du continent africain.<\/span><\/p>\n<p>Auteur: Mohamed Badrane<br \/>\n<a href=\"http:\/\/aujourdhui.ma\/emploi\/formation\/mourad-el-mahjoubi-depuis-notre-installation-il-y-a-4-ans-lensemble-de-nos-programmes-sont-tres-demandes\">Cliquez ici pour lire l&rsquo;article depuis sa source.<\/a><\/p>\n","protected":false},"excerpt":{"rendered":"<p>Entretien avec Mourad El Mahjoubi, directeur d\u2019Emlyon Business School Nos parcours certifiants sont con\u00e7us dans la tradition d\u2019excellence p\u00e9dagogique d\u2019Emlyon Business School, mais aussi en prise directe avec les r\u00e9alit\u00e9s de l\u2019entreprise, nous concevons et mettons en \u0153uvre des exp\u00e9riences p\u00e9dagogiques innovantes. ALM : Quelles sont les principales nouveaut\u00e9s chez Emlyon pour la rentr\u00e9e actuelle? [&hellip;]<\/p>\n","protected":false},"author":1759,"featured_media":0,"comment_status":"closed","ping_status":"closed","sticky":false,"template":"","format":"standard","meta":{"fifu_image_url":"","fifu_image_alt":"","footnotes":""},"categories":[73,54],"tags":[],"class_list":["post-61836","post","type-post","status-publish","format-standard","hentry","category-actualite","category-maroc"],"_links":{"self":[{"href":"https:\/\/linitiative.ca\/International\/wp-json\/wp\/v2\/posts\/61836","targetHints":{"allow":["GET"]}}],"collection":[{"href":"https:\/\/linitiative.ca\/International\/wp-json\/wp\/v2\/posts"}],"about":[{"href":"https:\/\/linitiative.ca\/International\/wp-json\/wp\/v2\/types\/post"}],"author":[{"embeddable":true,"href":"https:\/\/linitiative.ca\/International\/wp-json\/wp\/v2\/users\/1759"}],"replies":[{"embeddable":true,"href":"https:\/\/linitiative.ca\/International\/wp-json\/wp\/v2\/comments?post=61836"}],"version-history":[{"count":0,"href":"https:\/\/linitiative.ca\/International\/wp-json\/wp\/v2\/posts\/61836\/revisions"}],"wp:attachment":[{"href":"https:\/\/linitiative.ca\/International\/wp-json\/wp\/v2\/media?parent=61836"}],"wp:term":[{"taxonomy":"category","embeddable":true,"href":"https:\/\/linitiative.ca\/International\/wp-json\/wp\/v2\/categories?post=61836"},{"taxonomy":"post_tag","embeddable":true,"href":"https:\/\/linitiative.ca\/International\/wp-json\/wp\/v2\/tags?post=61836"}],"curies":[{"name":"wp","href":"https:\/\/api.w.org\/{rel}","templated":true}]}}