{"id":61837,"date":"2019-09-21T04:07:03","date_gmt":"2019-09-21T08:07:03","guid":{"rendered":"https:\/\/linitiative.ca\/International\/intelligence-emotionnelle-et-management-comprendre-et-utiliser-la-force-des-emotions-de-iiios-kotsou\/"},"modified":"2019-09-21T04:07:03","modified_gmt":"2019-09-21T08:07:03","slug":"intelligence-emotionnelle-et-management-comprendre-et-utiliser-la-force-des-emotions-de-iiios-kotsou","status":"publish","type":"post","link":"https:\/\/linitiative.ca\/International\/intelligence-emotionnelle-et-management-comprendre-et-utiliser-la-force-des-emotions-de-iiios-kotsou\/","title":{"rendered":"Intelligence \u00e9motionnelle et management : Comprendre et utiliser la force des \u00e9motions, de IIios Kotsou"},"content":{"rendered":"<header readability=\"1.39226519337\">\n<div class=\"entry-post-meta\" readability=\"6.77966101695\">\n<div class=\"author-link\">Publi\u00e9 par <a itemprop=\"author\" itemscope=\"\" itemtype=\"https:\/\/schema.org\/Person\" href=\"http:\/\/aujourdhui.ma\/profile\/kaid\" rel=\"author\"><span itemprop=\"name\">ALM<\/span><\/a><\/div>\n<p>Date\u00a0:<time content=\"2019-09-01T09:07:03+00:00\" class=\"entry-date updated\" datetime=\"2019-09-01T09:07:03+00:00\">septembre 01, 2019<\/time><\/p>\n<div class=\"entry-cat\">dans:<a href=\"http:\/\/aujourdhui.ma\/category\/emploi\" rel=\"category tag\">Emploi<\/a><\/div>\n<p>1Vues<\/p>\n<\/div>\n<\/header>\n<div class=\"entry-content clearfix\" readability=\"68\"><img decoding=\"async\" class=\"post_layout_5_img\" src=\"http:\/\/aujourdhui.ma\/wp-content\/uploads\/2019\/09\/Intelligence-e%CC%81motionnelle-et-management-2-edition.jpg?x29840\" alt=\"Intelligence \u00e9motionnelle et management : Comprendre et utiliser la force des \u00e9motions, de IIios Kotsou\"\/><\/p>\n<p class=\"p1\"><span class=\"s1 c5\"><span class=\"c4\"><strong>Alors qu\u2019elles \u00e9taient consid\u00e9r\u00e9es comme g\u00eanantes voire une faiblesse, les \u00e9motions repr\u00e9sentent, aujourd\u2019hui, des comp\u00e9tences indispensables pour \u00e9voluer dans un environnement en perp\u00e9tuel changement.<\/strong><\/span><\/span> <span id=\"more-318154\"\/><\/p>\n<p class=\"p1\"><span class=\"s1\">L\u2019auteur rappelle en faisant r\u00e9f\u00e9rence \u00e0<span class=\"Apple-converted-space\">\u00a0<\/span> des recherches en psychologie des \u00e9motions et en neurobiologie que <em>\u00absi les comp\u00e9tences de r\u00e9gulation \u00e9motionnelle sont li\u00e9es \u00e0 la sant\u00e9 physique et mentale, elles le sont aussi \u00e0 la capacit\u00e9 \u00e0 prendre des d\u00e9cisions, g\u00e9rer des relations et faire preuve de leadership\u00bb<\/em>. C\u2019est dans cette optique que cette 3e \u00e9dition actualis\u00e9e et enrichie traite de l\u2019importance et de l\u2019utilisation de ces comp\u00e9tences dans le management.<\/span><\/p>\n<p class=\"p1\"><span class=\"s1\">Les th\u00e9matiques d\u00e9velopp\u00e9es sont diverses : gestion de ses propres \u00e9motions et de celles des autres, prise de d\u00e9cision, gestion des conflits dans les organisations et gestion du changement. Les concepts de l\u2019intelligence \u00e9motionnelle sont analys\u00e9s de mani\u00e8re scientifique en lien avec leur utilisation pratique dans le management. R\u00e9dig\u00e9 dans un style clair et direct, l\u2019ouvrage s\u2019adresse \u00e0 toute personne int\u00e9ress\u00e9e par les \u00e9motions et, tout particuli\u00e8rement, les managers, directeurs des ressources humaines, consultants et formateurs. Il int\u00e9resse aussi les \u00e9tudiants en management et en gestion des ressources humaines.<\/span><\/p>\n<p class=\"p1\"><span class=\"s1\">Passionn\u00e9 par tout ce qui touche \u00e0 l\u2019humain, et plus particuli\u00e8rement par la richesse que donnent \u00e0 nos vies les \u00e9motions, Ilios Kotsou intervient sur les th\u00e8mes de l\u2019intelligence \u00e9motionnelle, du bonheur et de la pleine conscience (Universit\u00e9 de Savoie, Louvain School of Management). Expert dans le domaine des \u00e9motions, il a travaill\u00e9 pour de nombreuses organisations belges et internationales et a notamment collabor\u00e9 avec M\u00e9decins Sans Fronti\u00e8res pour la formation des coordinateurs de terrain. Il est cofondateur de l\u2019association Emergences qui a pour mission de partager des connaissances dans les domaines de l\u2019altruisme et de la pleine conscience et de financer des projets humanitaires.<\/span><\/p>\n<p class=\"p2\"><strong><span class=\"s1\">Ed. De Boeck sup\u00e9rieur (18\/07\/2016)<\/span><\/strong><\/p>\n<\/div>\n<p>Auteur: ALM<br \/>\n<a href=\"http:\/\/aujourdhui.ma\/emploi\/intelligence-emotionnelle-et-management-comprendre-et-utiliser-la-force-des-emotions-de-iiios-kotsou\">Cliquez ici pour lire l&rsquo;article depuis sa source.<\/a><\/p>\n","protected":false},"excerpt":{"rendered":"<p>Publi\u00e9 par ALM Date\u00a0:septembre 01, 2019 dans:Emploi 1Vues Alors qu\u2019elles \u00e9taient consid\u00e9r\u00e9es comme g\u00eanantes voire une faiblesse, les \u00e9motions repr\u00e9sentent, aujourd\u2019hui, des comp\u00e9tences indispensables pour \u00e9voluer dans un environnement en perp\u00e9tuel changement. L\u2019auteur rappelle en faisant r\u00e9f\u00e9rence \u00e0\u00a0 des recherches en psychologie des \u00e9motions et en neurobiologie que \u00absi les comp\u00e9tences de r\u00e9gulation \u00e9motionnelle sont [&hellip;]<\/p>\n","protected":false},"author":1759,"featured_media":0,"comment_status":"closed","ping_status":"closed","sticky":false,"template":"","format":"standard","meta":{"fifu_image_url":"","fifu_image_alt":"","footnotes":""},"categories":[73,54],"tags":[],"class_list":["post-61837","post","type-post","status-publish","format-standard","hentry","category-actualite","category-maroc"],"_links":{"self":[{"href":"https:\/\/linitiative.ca\/International\/wp-json\/wp\/v2\/posts\/61837","targetHints":{"allow":["GET"]}}],"collection":[{"href":"https:\/\/linitiative.ca\/International\/wp-json\/wp\/v2\/posts"}],"about":[{"href":"https:\/\/linitiative.ca\/International\/wp-json\/wp\/v2\/types\/post"}],"author":[{"embeddable":true,"href":"https:\/\/linitiative.ca\/International\/wp-json\/wp\/v2\/users\/1759"}],"replies":[{"embeddable":true,"href":"https:\/\/linitiative.ca\/International\/wp-json\/wp\/v2\/comments?post=61837"}],"version-history":[{"count":0,"href":"https:\/\/linitiative.ca\/International\/wp-json\/wp\/v2\/posts\/61837\/revisions"}],"wp:attachment":[{"href":"https:\/\/linitiative.ca\/International\/wp-json\/wp\/v2\/media?parent=61837"}],"wp:term":[{"taxonomy":"category","embeddable":true,"href":"https:\/\/linitiative.ca\/International\/wp-json\/wp\/v2\/categories?post=61837"},{"taxonomy":"post_tag","embeddable":true,"href":"https:\/\/linitiative.ca\/International\/wp-json\/wp\/v2\/tags?post=61837"}],"curies":[{"name":"wp","href":"https:\/\/api.w.org\/{rel}","templated":true}]}}