{"id":61844,"date":"2019-09-21T05:22:40","date_gmt":"2019-09-21T09:22:40","guid":{"rendered":"https:\/\/linitiative.ca\/International\/marche-pour-le-climat-la-parole-aux-jeunes\/"},"modified":"2019-09-21T05:22:40","modified_gmt":"2019-09-21T09:22:40","slug":"marche-pour-le-climat-la-parole-aux-jeunes","status":"publish","type":"post","link":"https:\/\/linitiative.ca\/International\/marche-pour-le-climat-la-parole-aux-jeunes\/","title":{"rendered":"Marche pour le climat: La parole aux jeunes"},"content":{"rendered":"<div readability=\"36\">\n<p>Marrakech-Des centaines de jeunes manifestants ont particip\u00e9, vendredi \u00e0 Marrakech, \u00e0 une marche pour le climat afin de d\u00e9noncer la crise climatique et d\u2019exiger des solutions imm\u00e9diates \u00e0 ce fl\u00e9au qui menace la plan\u00e8te.<\/p>\n<\/div>\n<div readability=\"122\">\n<p>Initi\u00e9e par l\u2019Association des Enseignants des Sciences de la Vie et de la Terre du Maroc (AESVT-Maroc), en partenariat avec Greenpeace, cette marche qui s\u2019inscrit dans le cadre de la Gr\u00e8ve mondiale pour le climat, pr\u00e9vue les 20 et 27 septembre,\u00a0vise \u00e0 mobiliser l\u2019opinion publique et \u00e0 faire pression sur la communaut\u00e9 internationale pour une transition rapide vers un mod\u00e8le durable et prosp\u00e8re.<\/p>\n<p>Dans une d\u00e9claration \u00e0 la MAP, Mohamed Chaouki, pr\u00e9sident-d\u00e9l\u00e9gu\u00e9, responsable des affaires administratives et financi\u00e8res de l\u2019AESVT, a indiqu\u00e9 qu\u2019outre\u00a0Marrakech, cette marche pour le climat sera organis\u00e9e le 27 septembre au niveau de plusieurs villes du Royaume, notamment Casablanca, Rabat, F\u00e8s et Demnate.<\/p>\n<p>Cette marche donne la voix aux jeunes pour d\u00e9noncer les d\u00e9cisions des pays les plus pollueurs de la plan\u00e8te, face \u00e0 leur violation des r\u00e9solutions de l\u2019accord de Paris et du droit de l\u2019environnement, a-t-il relev\u00e9.<\/p>\n<p>Cette jeunesse s\u2019est mobilis\u00e9e pour l\u2019avenir de leur plan\u00e8te, qui se trouve menac\u00e9e face aux changements climatiques, a-t-il dit, ajoutant que les inondations qu\u2019a connues derni\u00e8rement le Maroc et\u00a0d\u2019autres pays tirent la sonnette d\u2019alarme sur le climat et la n\u00e9cessit\u00e9 d\u2019agir en urgence.<\/p>\n<p>Pour sa part, le repr\u00e9sentant de Greenpeace, Ismail Cha\u00e2ouf, a indiqu\u00e9 cette marche est un appel \u00e0 la concr\u00e9tisation des r\u00e9solutions adopt\u00e9es lors de la COP22 \u00e0\u00a0Marrakech, notant que\u00a0l\u2019action commence avec les jeunes et la petite\u00a0enfance.<\/p>\n<p>Dans ce sens, il a soulign\u00e9 l\u2019importance de focaliser l\u2019action sur l\u2019\u00e9ducation des jeunes en int\u00e9grant dans les programmes scolaires des mati\u00e8res\u00a0qui touchent aux changements climatiques et \u00e0 la protection de l\u2019environnement, de la biodiversit\u00e9 et des oc\u00e9ans, mettant en avant l\u2019engagement constant de\u00a0Greenpeace et de ses partenaires\u00a0pour prot\u00e9ger le globe terrestre contre le r\u00e9chauffement climatique.<\/p>\n<p>De son c\u00f4t\u00e9, le directeur artistique de l\u2019association Chemins Crois\u00e9s, Mohamed Hady Niang, a affirm\u00e9 que le choix de\u00a0Marrakech\u00a0pour abriter cette marche n\u2019est pas fortuit, cette ville culturelle et touristique, class\u00e9e Patrimoine Mondial de l\u2019UNESCO, ayant fait de grands pas en mati\u00e8re de protection de l\u2019environnement.<\/p>\n<p>Marrakech\u00a0est l\u2019une des premi\u00e8res villes africaines \u00e0 se doter des\u00a0bus \u00e9lectriques, de m\u00eame que de nombreuses actions et initiatives ont \u00e9t\u00e9 men\u00e9es pour la cr\u00e9ation de l\u2019\u00e9co-systs\u00e8me et la valorisation des d\u00e9chets, s\u2019est-il f\u00e9licit\u00e9, appelant les jeunes \u00e0 s\u2019engager davantage pour sensibiliser \u00e0 l\u2019environnement.<\/p>\n<p>Quant \u00e0 Laila Bouazara, \u00e9tudiante en 2\u00e8me ann\u00e9e master \u00e0 l\u2019\u00e9cole sup\u00e9rieure des enseignants et encadrante \u00e0 l\u2019AESVT, elle a relev\u00e9 que sa participation \u00e0 cette marche des jeunes pour l\u2019environnement permettra de sensibiliser la soci\u00e9t\u00e9 civile quant aux dangers des changements climatiques et d\u2019inciter les responsables \u00e0 prendre des d\u00e9cisions en faveur de la transition climatique.<\/p>\n<p>Aux quatre coins de la plan\u00e8te, des mouvements non-violents en faveur de l\u2019environnement se multiplient depuis plusieurs mois. Des millions de citoyens de plus de 120 pays ont fait gr\u00e8ve pour le climat et ont ainsi rappel\u00e9 leur droit \u00e0 un avenir d\u00e9cent sur une plan\u00e8te viable.<\/p>\n<p>Il y a \u00e9galement une mobilisation massive des jeunes \u00e0 la suite des appels de la jeune militante su\u00e9doise Greta Thunberg. Plus de 2 millions de jeunes, \u00e9l\u00e8ves et \u00e9tudiants ont particip\u00e9 \u00e0 ces mouvements pour faire entendre leur voix.<\/p>\n<p>Un peu partout dans le monde, les jeunes ont donn\u00e9 un nouvel \u00e9lan au mouvement climatique gr\u00e2ce \u00e0 leur engagement pour le climat autour du slogan \u00ab\u00a0Fridays for future\u00a0\u00bb.<\/p>\n<\/div>\n<p>Auteur: Mohammed KOURSI<br \/>\n<a href=\"http:\/\/www.mapmarrakech.ma\/fr\/marche-pour-le-climat-la-parole-aux-jeunes\/\">Cliquez ici pour lire l&rsquo;article depuis sa source.<\/a><\/p>\n","protected":false},"excerpt":{"rendered":"<p>Marrakech-Des centaines de jeunes manifestants ont particip\u00e9, vendredi \u00e0 Marrakech, \u00e0 une marche pour le climat afin de d\u00e9noncer la crise climatique et d\u2019exiger des solutions imm\u00e9diates \u00e0 ce fl\u00e9au qui menace la plan\u00e8te. Initi\u00e9e par l\u2019Association des Enseignants des Sciences de la Vie et de la Terre du Maroc (AESVT-Maroc), en partenariat avec Greenpeace, [&hellip;]<\/p>\n","protected":false},"author":1788,"featured_media":0,"comment_status":"closed","ping_status":"closed","sticky":false,"template":"","format":"standard","meta":{"fifu_image_url":"","fifu_image_alt":"","footnotes":""},"categories":[54,76],"tags":[],"class_list":["post-61844","post","type-post","status-publish","format-standard","hentry","category-maroc","category-regions"],"_links":{"self":[{"href":"https:\/\/linitiative.ca\/International\/wp-json\/wp\/v2\/posts\/61844","targetHints":{"allow":["GET"]}}],"collection":[{"href":"https:\/\/linitiative.ca\/International\/wp-json\/wp\/v2\/posts"}],"about":[{"href":"https:\/\/linitiative.ca\/International\/wp-json\/wp\/v2\/types\/post"}],"author":[{"embeddable":true,"href":"https:\/\/linitiative.ca\/International\/wp-json\/wp\/v2\/users\/1788"}],"replies":[{"embeddable":true,"href":"https:\/\/linitiative.ca\/International\/wp-json\/wp\/v2\/comments?post=61844"}],"version-history":[{"count":0,"href":"https:\/\/linitiative.ca\/International\/wp-json\/wp\/v2\/posts\/61844\/revisions"}],"wp:attachment":[{"href":"https:\/\/linitiative.ca\/International\/wp-json\/wp\/v2\/media?parent=61844"}],"wp:term":[{"taxonomy":"category","embeddable":true,"href":"https:\/\/linitiative.ca\/International\/wp-json\/wp\/v2\/categories?post=61844"},{"taxonomy":"post_tag","embeddable":true,"href":"https:\/\/linitiative.ca\/International\/wp-json\/wp\/v2\/tags?post=61844"}],"curies":[{"name":"wp","href":"https:\/\/api.w.org\/{rel}","templated":true}]}}