{"id":61845,"date":"2019-09-21T05:56:31","date_gmt":"2019-09-21T09:56:31","guid":{"rendered":"https:\/\/linitiative.ca\/International\/un-million-de-cartables-166-878-beneficiaires-a-marrakech\/"},"modified":"2019-09-21T05:56:31","modified_gmt":"2019-09-21T09:56:31","slug":"un-million-de-cartables-166-878-beneficiaires-a-marrakech","status":"publish","type":"post","link":"https:\/\/linitiative.ca\/International\/un-million-de-cartables-166-878-beneficiaires-a-marrakech\/","title":{"rendered":"\u00ab\u00a0Un million de cartables\u00a0\u00bb: 166.878 b\u00e9n\u00e9ficiaires \u00e0 Marrakech"},"content":{"rendered":"<p><iframe loading=\"lazy\" width=\"1170\" height=\"658\" src=\"https:\/\/www.youtube.com\/embed\/tSmUavyKN-c?feature=oembed\" frameborder=\"0\" allow=\"accelerometer; autoplay; encrypted-media; gyroscope; picture-in-picture\" allowfullscreen=\"\">[embedded content]<\/iframe><\/p>\n<div class=\"single-post-excerpt post-excerpt-bc\" readability=\"38\">\n<p>Le nombre des b\u00e9n\u00e9ficiaires de l\u2019Initiative Royale \u00ab Un million de Cartables \u00bb au niveau de la pr\u00e9fecture de Marrakech a atteint, au titre de l\u2019ann\u00e9e scolaire 2019-2020, un total de 166.878 \u00e9l\u00e8ves, dont 79.653 filles, contre 161.326 lors de l\u2019ann\u00e9e scolaire \u00e9coul\u00e9e.<\/p>\n<\/div>\n<p>Auteur: Mohammed KOURSI<br \/>\n<a href=\"http:\/\/www.mapmarrakech.ma\/fr\/un-million-de-cartables-166-878-beneficiaires-a-marrakech-2\/\">Cliquez ici pour lire l&rsquo;article depuis sa source.<\/a><\/p>\n","protected":false},"excerpt":{"rendered":"<p>[embedded content] Le nombre des b\u00e9n\u00e9ficiaires de l\u2019Initiative Royale \u00ab Un million de Cartables \u00bb au niveau de la pr\u00e9fecture de Marrakech a atteint, au titre de l\u2019ann\u00e9e scolaire 2019-2020, un total de 166.878 \u00e9l\u00e8ves, dont 79.653 filles, contre 161.326 lors de l\u2019ann\u00e9e scolaire \u00e9coul\u00e9e. Auteur: Mohammed KOURSI Cliquez ici pour lire l&rsquo;article depuis sa [&hellip;]<\/p>\n","protected":false},"author":1788,"featured_media":0,"comment_status":"closed","ping_status":"closed","sticky":false,"template":"","format":"standard","meta":{"fifu_image_url":"","fifu_image_alt":"","footnotes":""},"categories":[54,76],"tags":[],"class_list":["post-61845","post","type-post","status-publish","format-standard","hentry","category-maroc","category-regions"],"_links":{"self":[{"href":"https:\/\/linitiative.ca\/International\/wp-json\/wp\/v2\/posts\/61845","targetHints":{"allow":["GET"]}}],"collection":[{"href":"https:\/\/linitiative.ca\/International\/wp-json\/wp\/v2\/posts"}],"about":[{"href":"https:\/\/linitiative.ca\/International\/wp-json\/wp\/v2\/types\/post"}],"author":[{"embeddable":true,"href":"https:\/\/linitiative.ca\/International\/wp-json\/wp\/v2\/users\/1788"}],"replies":[{"embeddable":true,"href":"https:\/\/linitiative.ca\/International\/wp-json\/wp\/v2\/comments?post=61845"}],"version-history":[{"count":0,"href":"https:\/\/linitiative.ca\/International\/wp-json\/wp\/v2\/posts\/61845\/revisions"}],"wp:attachment":[{"href":"https:\/\/linitiative.ca\/International\/wp-json\/wp\/v2\/media?parent=61845"}],"wp:term":[{"taxonomy":"category","embeddable":true,"href":"https:\/\/linitiative.ca\/International\/wp-json\/wp\/v2\/categories?post=61845"},{"taxonomy":"post_tag","embeddable":true,"href":"https:\/\/linitiative.ca\/International\/wp-json\/wp\/v2\/tags?post=61845"}],"curies":[{"name":"wp","href":"https:\/\/api.w.org\/{rel}","templated":true}]}}