{"id":61846,"date":"2019-09-21T06:02:56","date_gmt":"2019-09-21T10:02:56","guid":{"rendered":"https:\/\/linitiative.ca\/International\/tourisme-les-nuitees-en-hausse-de-8-a-fin-juillet\/"},"modified":"2019-09-21T06:02:56","modified_gmt":"2019-09-21T10:02:56","slug":"tourisme-les-nuitees-en-hausse-de-8-a-fin-juillet","status":"publish","type":"post","link":"https:\/\/linitiative.ca\/International\/tourisme-les-nuitees-en-hausse-de-8-a-fin-juillet\/","title":{"rendered":"Tourisme: Les nuit\u00e9es en hausse de 8% \u00e0 fin juillet"},"content":{"rendered":"<div readability=\"35\">\n<p>Marrakech- Le nombre total des nuit\u00e9es r\u00e9alis\u00e9es dans les diff\u00e9rents \u00e9tablissements d\u2019h\u00e9bergement touristique class\u00e9s de la ville de Marrakech a enregistr\u00e9 une hausse de 8% \u00e0 fin juillet dernier et ce, en comparaison avec la m\u00eame p\u00e9riode de l\u2019ann\u00e9e \u00e9coul\u00e9e.<\/p>\n<\/div>\n<div readability=\"80\">\n<p>Selon les donn\u00e9es communiqu\u00e9es par l\u2019Observatoire du Tourisme, un total de 4.668.571 nuit\u00e9es a \u00e9t\u00e9 r\u00e9alis\u00e9 durant les sept premiers mois de l\u2019ann\u00e9e en cours, contre 4.316.253 nuit\u00e9es durant la m\u00eame p\u00e9riode de l\u2019ann\u00e9e \u00e9coul\u00e9e.<\/p>\n<p>Quant au taux d\u2019occupation, il s\u2019est \u00e9tabli \u00e0 63% \u00e0 fin juillet dernier, contre 57% enregistr\u00e9 durant la p\u00e9riode janvier-juillet 2018.<\/p>\n<p>Concernant la dur\u00e9e moyenne du s\u00e9jour (DMS) \u00e0 fin juillet dernier, elle \u00e9tait de l\u2019ordre de 3,1 jours contre une DMS de 3,2 jours enregistr\u00e9e lors des sept premiers mois de l\u2019ann\u00e9e pr\u00e9c\u00e9dente, a fait savoir la m\u00eame source.<\/p>\n<p>Durant le seul mois de juillet dernier, il a \u00e9t\u00e9 observ\u00e9 aussi un accroissement de 8% du volume des nuit\u00e9es totales r\u00e9alis\u00e9es dans les \u00e9tablissements d\u2019h\u00e9bergement touristique class\u00e9s de\u00a0Marrakech.<\/p>\n<p>Cette performance correspond \u00e0 un total de 700.714 nuit\u00e9es enregistr\u00e9 au cours du mois de juillet 2019, contre seulement 647.041 nuit\u00e9es en juillet 2018, a relev\u00e9 l\u2019Observatoire du Tourisme.<\/p>\n<p>S\u2019agissant du taux d\u2019occupation, il a \u00e9t\u00e9 de 60% en juillet dernier contre 55% durant le m\u00eame mois de l\u2019ann\u00e9e 2018.<\/p>\n<p>Quant \u00e0 la dur\u00e9e moyenne du s\u00e9jour pour le seul mois de juillet dernier, elle \u00e9tait de 3,4 jours, contre une moyenne de 3,5 jours enregistr\u00e9e durant la m\u00eame p\u00e9riode de 2018.<\/p>\n<p>A noter que les nuit\u00e9es totales r\u00e9alis\u00e9es dans les \u00e9tablissements d\u2019h\u00e9bergement touristique class\u00e9s ont enregistr\u00e9 une progression de 6% \u00e0 fin juillet, alors que les deux p\u00f4les touristiques\u00a0Marrakech\u00a0et Agadir ont g\u00e9n\u00e9r\u00e9 \u00e0 eux seuls 57% des nuit\u00e9es totales entre janvier et juillet derniers.<\/p>\n<p>Pour le seul mois de juillet 2019, le volume des nuit\u00e9es dans les \u00e9tablissements class\u00e9s a connu aussi une augmentation de 6% (+3% pour les touristes non\u2010r\u00e9sidents et +11% pour les r\u00e9sidents).<\/p>\n<\/div>\n<p>Auteur: Mohammed KOURSI<br \/>\n<a href=\"http:\/\/www.mapmarrakech.ma\/fr\/tourisme-les-nuitees-en-hausse-de-8-a-fin-juillet\/\">Cliquez ici pour lire l&rsquo;article depuis sa source.<\/a><\/p>\n","protected":false},"excerpt":{"rendered":"<p>Marrakech- Le nombre total des nuit\u00e9es r\u00e9alis\u00e9es dans les diff\u00e9rents \u00e9tablissements d\u2019h\u00e9bergement touristique class\u00e9s de la ville de Marrakech a enregistr\u00e9 une hausse de 8% \u00e0 fin juillet dernier et ce, en comparaison avec la m\u00eame p\u00e9riode de l\u2019ann\u00e9e \u00e9coul\u00e9e. Selon les donn\u00e9es communiqu\u00e9es par l\u2019Observatoire du Tourisme, un total de 4.668.571 nuit\u00e9es a \u00e9t\u00e9 [&hellip;]<\/p>\n","protected":false},"author":1788,"featured_media":0,"comment_status":"closed","ping_status":"closed","sticky":false,"template":"","format":"standard","meta":{"fifu_image_url":"","fifu_image_alt":"","footnotes":""},"categories":[54,76],"tags":[],"class_list":["post-61846","post","type-post","status-publish","format-standard","hentry","category-maroc","category-regions"],"_links":{"self":[{"href":"https:\/\/linitiative.ca\/International\/wp-json\/wp\/v2\/posts\/61846","targetHints":{"allow":["GET"]}}],"collection":[{"href":"https:\/\/linitiative.ca\/International\/wp-json\/wp\/v2\/posts"}],"about":[{"href":"https:\/\/linitiative.ca\/International\/wp-json\/wp\/v2\/types\/post"}],"author":[{"embeddable":true,"href":"https:\/\/linitiative.ca\/International\/wp-json\/wp\/v2\/users\/1788"}],"replies":[{"embeddable":true,"href":"https:\/\/linitiative.ca\/International\/wp-json\/wp\/v2\/comments?post=61846"}],"version-history":[{"count":0,"href":"https:\/\/linitiative.ca\/International\/wp-json\/wp\/v2\/posts\/61846\/revisions"}],"wp:attachment":[{"href":"https:\/\/linitiative.ca\/International\/wp-json\/wp\/v2\/media?parent=61846"}],"wp:term":[{"taxonomy":"category","embeddable":true,"href":"https:\/\/linitiative.ca\/International\/wp-json\/wp\/v2\/categories?post=61846"},{"taxonomy":"post_tag","embeddable":true,"href":"https:\/\/linitiative.ca\/International\/wp-json\/wp\/v2\/tags?post=61846"}],"curies":[{"name":"wp","href":"https:\/\/api.w.org\/{rel}","templated":true}]}}