{"id":61847,"date":"2019-09-21T06:10:14","date_gmt":"2019-09-21T10:10:14","guid":{"rendered":"https:\/\/linitiative.ca\/International\/ghardaia-plus-de-600-000-quintaux-de-dattes-attendues-au-titre-de-la-saison-2018-2019\/"},"modified":"2019-09-21T06:10:14","modified_gmt":"2019-09-21T10:10:14","slug":"ghardaia-plus-de-600-000-quintaux-de-dattes-attendues-au-titre-de-la-saison-2018-2019","status":"publish","type":"post","link":"https:\/\/linitiative.ca\/International\/ghardaia-plus-de-600-000-quintaux-de-dattes-attendues-au-titre-de-la-saison-2018-2019\/","title":{"rendered":"Gharda\u00efa : plus de 600.000 quintaux de dattes attendues au titre de la saison 2018\/2019"},"content":{"rendered":"<div>\n<div class=\"K2FeedImage\"><img decoding=\"async\" src=\"http:\/\/www.aps.dz\/media\/k2\/items\/cache\/b4506d7af2b2fff582aa107590c75ffc_S.jpg\" alt=\"Gharda\u00efa : plus de 600.000 quintaux de dattes attendues au titre de la saison 2018\/2019\"><\/div>\n<div class=\"K2FeedIntroText\">\n<p><strong>GHARDAIA &#8211; Une r\u00e9colte de pr\u00e8s de 608.000 quintaux de dattes, toutes vari\u00e9t\u00e9s confondues, est attendue au titre de la campagne de cueillette de la saison agricole 2018\/ 2019, dans la wilaya de Gharda\u00efa, a-t-on appris samedi aupr\u00e8s de la direction des services agricoles (DSA).<\/strong><\/p>\n<\/div>\n<div class=\"K2FeedFullText\">\n<p>Cette production pr\u00e9visionnelle concerne une r\u00e9colte de plus de 250.000 Qx de dattes de vari\u00e9t\u00e9 sup\u00e9rieure Deglet-Nour, avec un rendement moyen estim\u00e9 \u00e0 48 Qx\/ha, de 100.000 Qx de vari\u00e9t\u00e9 Ghers et 270 000 Qx de dattes communes, avec un rendement moyen de 55 Qx\/ha , a affirm\u00e9 \u00e0 l\u2019APS l\u2019ing\u00e9nieur en chef charg\u00e9 des statistiques \u00e0 la DSA.<\/p>\n<p>Cette r\u00e9colte en hausse comparativement \u00e0 l\u2019ann\u00e9e pr\u00e9c\u00e9dente d\u00e9pend fortement des conditions climatiques qui marqueront le mois de septembre et octobre prochain, notamment pour les dattes \u00e0 peau molle tr\u00e8s fragile telle que Deglet Nour et El Ghers, sensibles et vuln\u00e9rables aux fluctuations climatiques\u00a0\u00bb, a d\u00e9taill\u00e9 M.Khaled Djebrit.<\/p>\n<p>L\u2019augmentation attendue de la production pour la campagne de cueillette, lanc\u00e9e en ce mi-septembre courant, est expliqu\u00e9e par l\u2019accroissement du potentiel ph\u0153nicicole productif de la wilaya qui est pass\u00e9 de 695.000 palmiers en 2002 \u00e0 pr\u00e8s de 1.300.000 palmiers en 2019, \u00e0 la faveur de diff\u00e9rents programmes de d\u00e9veloppement agricoles initi\u00e9s par les pouvoirs publics, les actions de sensibilisation pr\u00e9ventive des ph\u0153niciculteurs et propri\u00e9taires de palmiers aux enjeux li\u00e9s \u00e0 la production de datte de qualit\u00e9 effectu\u00e9es depuis le mois de mai dernier , ainsi que le suivi phytosanitaire et le traitement pr\u00e9ventif contre les diff\u00e9rentes maladies et parasites du palmier et de la datte, a -t-il ajout\u00e9 .<\/p>\n<blockquote>\n<p><em><strong>Pas moins de 330 000 palmiers dattiers productifs des palmeraies de la wilaya de Gharda\u00efa ont \u00e9t\u00e9 trait\u00e9s en juin dernier contre le Boufaroua et le Myelois par les services de la station de l\u2019Institut national de protection des v\u00e9g\u00e9taux (INPV) , en sous-traitant avec les micro-entreprises locales et les agriculteurs.<\/strong><\/em><\/p>\n<\/blockquote>\n<p>\u00a0Malgr\u00e9 ces performances, la fili\u00e8re ph\u0153nicicole fait face \u00e0 un certain nombre de d\u00e9fis, relatifs notamment \u00e0 la qualit\u00e9 ,la productivit\u00e9 et \u00e0 la raret\u00e9 de la main d\u2019\u0153uvre qualifi\u00e9 pour l\u2019entretien du palmier et l\u2019op\u00e9ration de cueillette, a fait savoir M.Djebrit.<\/p>\n<p>Il s\u2019agit \u00e9galement de l\u2019absence d\u2019un circuit commerciale organis\u00e9 pour la production des dattes qui engendre in\u00e9luctablement des probl\u00e8mes pour l\u2019\u00e9coulement et la commercialisation de la production Ph\u0153nicicole \u00e0 forte valeur sur le march\u00e9, a relev\u00e9 ce responsable.<\/p>\n<p>Cette fili\u00e8re de la datte commence \u00e0 susciter l\u2019int\u00e9r\u00eat des agriculteurs locaux qui \u0153uvrent pour am\u00e9liorer le rendement et la qualit\u00e9 de la datte afin de la valoriser au mieux et l\u2019exporter vers les pays \u00e9trangers.<\/p>\n<p>Le potentiel ph\u0153nicicole est appel\u00e9 \u00e0 cro\u00eetre dans les prochaines ann\u00e9es \u00e0 la faveur de plusieurs facteurs notamment la cr\u00e9ation de nouveaux p\u00e9rim\u00e8tres agricoles sur des terres fr\u00e9tilles au sud de la wilaya o\u00f9 l\u2019existence des potentialit\u00e9s hydriques souterraines sont confort\u00e9s par la r\u00e9alisation d\u2019ouvrages de mobilisation et de stockages de ce potentiel hydrique, signale-t-on.<\/p>\n<blockquote>\n<p><em><strong>\u00a0Consid\u00e9r\u00e9e comme l\u2019une des plus importantes zones productrices de datte en Alg\u00e9rie avec pr\u00e8s de 1.300.000 de palmiers couvrant une superficie de 13.000 hectares dont 1.148.260 productifs, la wilaya de Gharda\u00efa compte plusieurs vari\u00e9t\u00e9s ph\u0153nicicole \u00e0 valeur commerciale tr\u00e8s \u00e9lev\u00e9e avec une saveur sucr\u00e9e et une consistance molle.<\/strong><\/em><\/p>\n<\/blockquote>\n<p>La vari\u00e9t\u00e9 \u00ab\u00a0Deglet Nour\u00a0\u00bb , datte mielleuse aux reflets mordor\u00e9s, demeure de loin la vari\u00e9t\u00e9 la plus pris\u00e9e et compte un effectif de 524.350 palmiers. \u00a0Les vari\u00e9t\u00e9s \u00ab\u00a0Gars\u00a0\u00bb, Timjouhart, Ben Kballa parfum\u00e9es et l\u00e9g\u00e8rement \u00a0caram\u00e9lis\u00e9e sont estim\u00e9es au nombre de 706.560 palmiers, selon les donn\u00e9es de la direction des services agricoles.<\/p>\n<\/div>\n<\/div>\n<p>Auteur:<br \/>\n<a href=\"http:\/\/www.aps.dz\/regions\/94638-ghardaia-plus-de-600-000-quintaux-de-dattes-attendues-au-titre-de-la-saison-2018-2019\">Cliquez ici pour lire l&rsquo;article depuis sa source.<\/a><\/p>\n","protected":false},"excerpt":{"rendered":"<p>GHARDAIA &#8211; Une r\u00e9colte de pr\u00e8s de 608.000 quintaux de dattes, toutes vari\u00e9t\u00e9s confondues, est attendue au titre de la campagne de cueillette de la saison agricole 2018\/ 2019, dans la wilaya de Gharda\u00efa, a-t-on appris samedi aupr\u00e8s de la direction des services agricoles (DSA). Cette production pr\u00e9visionnelle concerne une r\u00e9colte de plus de 250.000 [&hellip;]<\/p>\n","protected":false},"author":1790,"featured_media":61848,"comment_status":"closed","ping_status":"closed","sticky":false,"template":"","format":"standard","meta":{"fifu_image_url":"","fifu_image_alt":"","footnotes":""},"categories":[53,76],"tags":[],"class_list":["post-61847","post","type-post","status-publish","format-standard","has-post-thumbnail","hentry","category-algerie","category-regions"],"_links":{"self":[{"href":"https:\/\/linitiative.ca\/International\/wp-json\/wp\/v2\/posts\/61847","targetHints":{"allow":["GET"]}}],"collection":[{"href":"https:\/\/linitiative.ca\/International\/wp-json\/wp\/v2\/posts"}],"about":[{"href":"https:\/\/linitiative.ca\/International\/wp-json\/wp\/v2\/types\/post"}],"author":[{"embeddable":true,"href":"https:\/\/linitiative.ca\/International\/wp-json\/wp\/v2\/users\/1790"}],"replies":[{"embeddable":true,"href":"https:\/\/linitiative.ca\/International\/wp-json\/wp\/v2\/comments?post=61847"}],"version-history":[{"count":0,"href":"https:\/\/linitiative.ca\/International\/wp-json\/wp\/v2\/posts\/61847\/revisions"}],"wp:featuredmedia":[{"embeddable":true,"href":"https:\/\/linitiative.ca\/International\/wp-json\/"}],"wp:attachment":[{"href":"https:\/\/linitiative.ca\/International\/wp-json\/wp\/v2\/media?parent=61847"}],"wp:term":[{"taxonomy":"category","embeddable":true,"href":"https:\/\/linitiative.ca\/International\/wp-json\/wp\/v2\/categories?post=61847"},{"taxonomy":"post_tag","embeddable":true,"href":"https:\/\/linitiative.ca\/International\/wp-json\/wp\/v2\/tags?post=61847"}],"curies":[{"name":"wp","href":"https:\/\/api.w.org\/{rel}","templated":true}]}}