{"id":61853,"date":"2019-09-21T07:54:44","date_gmt":"2019-09-21T11:54:44","guid":{"rendered":"https:\/\/linitiative.ca\/International\/le-festival-blouza-souffle-sa-6e-bougie\/"},"modified":"2019-09-21T07:54:44","modified_gmt":"2019-09-21T11:54:44","slug":"le-festival-blouza-souffle-sa-6e-bougie","status":"publish","type":"post","link":"https:\/\/linitiative.ca\/International\/le-festival-blouza-souffle-sa-6e-bougie\/","title":{"rendered":"Le festival Blouza souffle sa 6e bougie"},"content":{"rendered":"<p class=\"c1\">La 6\u00e8me \u00e9dition du festival Blouza s\u2019est ouverte, vendredi soir au Th\u00e9\u00e2tre Mohammed VI \u00e0 Oujda, par une soir\u00e9e haute en couleur avec l\u2019ambition affich\u00e9e de pr\u00e9server et de valoriser cet habit traditionnel.<\/p>\n<p class=\"c1\">Organis\u00e9e par l\u2019Association Orientale pour le D\u00e9veloppement (AOD), cette manifestation culturelle, plac\u00e9e sous le Haut patronage de SM le Roi Mohammed VI, a pour th\u00e8me cette ann\u00e9e \u00ab\u00a0Les diff\u00e9rentes empreintes culturelles de la Blouza\u00a0\u00bb.<\/p>\n<p class=\"c1\">La c\u00e9r\u00e9monie d\u2019ouverture officielle a \u00e9t\u00e9 rehauss\u00e9e par des spectacles mettant en avant certaines facettes du patrimoine culturel et musical de la r\u00e9gion de l\u2019Oriental et d\u2019autres r\u00e9gions du Royaume, en sus de l\u2019hommage rendu \u00e0 des personnalit\u00e9s en guise de reconnaissance \u00e0 leurs apports \u00e0 la sc\u00e8ne culturelle dans cette r\u00e9gion.<\/p>\n<p class=\"c1\">Promouvoir la blouza oujdia et contribuer \u00e0 la p\u00e9rennisation de cet habit traditionnel en tant qu\u2019h\u00e9ritage culturel de la cit\u00e9 mill\u00e9naire et de l\u2019Oriental, tels sont les principaux objectifs escompt\u00e9s de ce festival, devenu au fil des ann\u00e9es un rendez-vous important dans l\u2019agenda culturelle de la ville d\u2019Oujda.<\/p>\n<p class=\"c1\">Pour la pr\u00e9sidente de l\u2019association AOD, Latifa Montabih, cette rencontre annuelle a pour but de revisiter cet habit traditionnel sous ses diff\u00e9rents aspects, et de souligner l\u2019imp\u00e9ratif de le pr\u00e9server, de le valoriser et de favoriser sa promotion \u00e0 l\u2019\u00e9chelon national et international.<\/p>\n<p class=\"c1\">Elle a ajout\u00e9 dans une d\u00e9claration \u00e0 la MAP que ce festival a le m\u00e9rite de faire revivre la Blouza et de contribuer \u00e0 la valorisation de cet habit distinctif des femmes oujdies qui \u00e9taient fi\u00e8res de concevoir elles m\u00eames leur Blouza et de la fa\u00e7onner sous diff\u00e9rentes coupes et mod\u00e8les.<\/p>\n<p class=\"c1\">Cette manifestation se veut aussi une occasion pour rendre hommage aux artisans et stylistes, femmes et hommes, qui ont excell\u00e9 dans le travail, la conception et la promotion de la Blouza, a-t-elle ajout\u00e9.<\/p>\n<p><img class=\"aligncenter wp-image-14333\" data-src=\"http:\/\/www.mapoujda.ma\/map\/uploads\/2019\/09\/Hommage-\u00e0-la-6\u00e8me-\u00e9dition-du-festival-Blouza-M750\u00d7430-MAP.jpg\" alt=\"\" width=\"523\" height=\"300\" srcset=\"http:\/\/www.mapoujda.ma\/map\/uploads\/2019\/09\/Hommage-\u00e0-la-6\u00e8me-\u00e9dition-du-festival-Blouza-M750\u00d7430-MAP.jpg 750w, http:\/\/www.mapoujda.ma\/map\/uploads\/2019\/09\/Hommage-\u00e0-la-6\u00e8me-\u00e9dition-du-festival-Blouza-M750\u00d7430-MAP-300x172.jpg 300w\" sizes=\"(max-width: 523px) 100vw, 523px\"\/><\/p>\n<p class=\"c1\">Dans son allocution lors de la c\u00e9r\u00e9monie d\u2019ouverture, Mme Montabih a mis en avant la Haute sollicitude dont SM le Roi Mohammed VI entoure la culture sous tous ses aspects ainsi que la cr\u00e9ation artistique et les artistes et artisans.<\/p>\n<p class=\"c1\">Elle a aussi mis l\u2019accent sur les efforts d\u00e9ploy\u00e9s \u00e0 plusieurs niveaux pour valoriser le patrimoine culturel ancestral, riche et diversifi\u00e9, local, r\u00e9gional et national.<\/p>\n<p class=\"c1\">Dans cette m\u00eame veine, le directeur r\u00e9gional de la Culture, Mountassir Loukili, a soulign\u00e9 les efforts men\u00e9s par le minist\u00e8re dans le cadre de sa strat\u00e9gie visant la valorisation du patrimoine immat\u00e9riel national et local, notant \u00e0 cet effet que le soutien apport\u00e9 \u00e0 ce festival s\u2019inscrit dans ce sillage.<\/p>\n<p class=\"c1\">Ce festival ambitionne de permettre \u00e0 la Blouza de retrouver son aura d\u2019antan et de transmettre ce legs culturel aux g\u00e9n\u00e9rations montantes, a-t-il encore ajout\u00e9.<\/p>\n<p class=\"c1\">Le programme concoct\u00e9 pour cette \u00e9dition, marqu\u00e9e par la pr\u00e9sence de stylistes et de sp\u00e9cialistes dans le domaine, marocains et \u00e9trangers, a d\u00e9but\u00e9 par l\u2019organisation, jeudi, d\u2019une conf\u00e9rence autour du th\u00e8me retenu, au cours de laquelle les intervenants ont donn\u00e9 un aper\u00e7u historique sur l\u2019habit traditionnel des hommes et des femmes de la r\u00e9gion de l\u2019Oriental, tout en rappelant l\u2019imp\u00e9ratif de poursuivre les efforts pour la pr\u00e9servation du riche patrimoine et du pr\u00e9cieux h\u00e9ritage culturel dont jouit cette r\u00e9gion.<\/p>\n<p class=\"c1\">Un d\u00e9fil\u00e9 de mode pour montrer et mettre en relief les \u0153uvres r\u00e9alis\u00e9es par des stylistes et des artisans figure \u00e9galement au menu de cette \u00e9dition.<\/p>\n<p>Auteur: Soufiane ELAHMAR<br \/>\n<a href=\"http:\/\/www.mapoujda.ma\/fr\/le-festival-blouza-souffle-sa-6e-bougie\/\">Cliquez ici pour lire l&rsquo;article depuis sa source.<\/a><\/p>\n","protected":false},"excerpt":{"rendered":"<p>La 6\u00e8me \u00e9dition du festival Blouza s\u2019est ouverte, vendredi soir au Th\u00e9\u00e2tre Mohammed VI \u00e0 Oujda, par une soir\u00e9e haute en couleur avec l\u2019ambition affich\u00e9e de pr\u00e9server et de valoriser cet habit traditionnel. Organis\u00e9e par l\u2019Association Orientale pour le D\u00e9veloppement (AOD), cette manifestation culturelle, plac\u00e9e sous le Haut patronage de SM le Roi Mohammed VI, [&hellip;]<\/p>\n","protected":false},"author":1788,"featured_media":61854,"comment_status":"closed","ping_status":"closed","sticky":false,"template":"","format":"standard","meta":{"fifu_image_url":"","fifu_image_alt":"","footnotes":""},"categories":[54,76],"tags":[],"class_list":["post-61853","post","type-post","status-publish","format-standard","has-post-thumbnail","hentry","category-maroc","category-regions"],"_links":{"self":[{"href":"https:\/\/linitiative.ca\/International\/wp-json\/wp\/v2\/posts\/61853","targetHints":{"allow":["GET"]}}],"collection":[{"href":"https:\/\/linitiative.ca\/International\/wp-json\/wp\/v2\/posts"}],"about":[{"href":"https:\/\/linitiative.ca\/International\/wp-json\/wp\/v2\/types\/post"}],"author":[{"embeddable":true,"href":"https:\/\/linitiative.ca\/International\/wp-json\/wp\/v2\/users\/1788"}],"replies":[{"embeddable":true,"href":"https:\/\/linitiative.ca\/International\/wp-json\/wp\/v2\/comments?post=61853"}],"version-history":[{"count":0,"href":"https:\/\/linitiative.ca\/International\/wp-json\/wp\/v2\/posts\/61853\/revisions"}],"wp:featuredmedia":[{"embeddable":true,"href":"https:\/\/linitiative.ca\/International\/wp-json\/"}],"wp:attachment":[{"href":"https:\/\/linitiative.ca\/International\/wp-json\/wp\/v2\/media?parent=61853"}],"wp:term":[{"taxonomy":"category","embeddable":true,"href":"https:\/\/linitiative.ca\/International\/wp-json\/wp\/v2\/categories?post=61853"},{"taxonomy":"post_tag","embeddable":true,"href":"https:\/\/linitiative.ca\/International\/wp-json\/wp\/v2\/tags?post=61853"}],"curies":[{"name":"wp","href":"https:\/\/api.w.org\/{rel}","templated":true}]}}