{"id":61855,"date":"2019-09-21T14:07:48","date_gmt":"2019-09-21T18:07:48","guid":{"rendered":"https:\/\/linitiative.ca\/International\/le-mouloudia-doudja-bat-le-fus-2-1\/"},"modified":"2019-09-21T14:07:48","modified_gmt":"2019-09-21T18:07:48","slug":"le-mouloudia-doudja-bat-le-fus-2-1","status":"publish","type":"post","link":"https:\/\/linitiative.ca\/International\/le-mouloudia-doudja-bat-le-fus-2-1\/","title":{"rendered":"Le Mouloudia d\u2019Oudja bat le FUS (2-1)"},"content":{"rendered":"<div class=\"single-featured\"><img alt=\"\" data-src=\"http:\/\/www.mapoujda.ma\/map\/uploads\/2019\/09\/MCO-face-\u00e0-MAT-M750\u00d7430-MAP-AICP.jpg\"\/><\/div>\n<div class=\"entry-content clearfix single-post-content\" readability=\"39\">\n<p class=\"c1\">Le Mouloudia d\u2019Oujda s\u2019est impos\u00e9 \u00e0 domicile samedi face au FUS de Rabat sur le score de 2 buts \u00e0 1, dans l\u2019unique match avanc\u00e9 de la deuxi\u00e8me journ\u00e9e de Botola Pro D1 de football.<\/p>\n<p class=\"c1\">Les deux r\u00e9alisations du club oriental ont \u00e9t\u00e9 l\u2019oeuvre de Mehdi Jaky (21\u00e8) et Wael Saadaoui (89\u00e8), alors que Jean-Joseph Combo avait ouvert la marque en faveur des Fussistes d\u00e8s la 5\u00e8 minute de jeu.<\/p>\n<\/div>\n<p>Auteur: Soufiane ELAHMAR<br \/>\n<a href=\"http:\/\/www.mapoujda.ma\/fr\/le-mouloudia-doudja-bat-le-fus-2-1\/\">Cliquez ici pour lire l&rsquo;article depuis sa source.<\/a><\/p>\n","protected":false},"excerpt":{"rendered":"<p>Le Mouloudia d\u2019Oujda s\u2019est impos\u00e9 \u00e0 domicile samedi face au FUS de Rabat sur le score de 2 buts \u00e0 1, dans l\u2019unique match avanc\u00e9 de la deuxi\u00e8me journ\u00e9e de Botola Pro D1 de football. Les deux r\u00e9alisations du club oriental ont \u00e9t\u00e9 l\u2019oeuvre de Mehdi Jaky (21\u00e8) et Wael Saadaoui (89\u00e8), alors que Jean-Joseph [&hellip;]<\/p>\n","protected":false},"author":1788,"featured_media":61856,"comment_status":"closed","ping_status":"closed","sticky":false,"template":"","format":"standard","meta":{"fifu_image_url":"","fifu_image_alt":"","footnotes":""},"categories":[54,76],"tags":[],"class_list":["post-61855","post","type-post","status-publish","format-standard","has-post-thumbnail","hentry","category-maroc","category-regions"],"_links":{"self":[{"href":"https:\/\/linitiative.ca\/International\/wp-json\/wp\/v2\/posts\/61855","targetHints":{"allow":["GET"]}}],"collection":[{"href":"https:\/\/linitiative.ca\/International\/wp-json\/wp\/v2\/posts"}],"about":[{"href":"https:\/\/linitiative.ca\/International\/wp-json\/wp\/v2\/types\/post"}],"author":[{"embeddable":true,"href":"https:\/\/linitiative.ca\/International\/wp-json\/wp\/v2\/users\/1788"}],"replies":[{"embeddable":true,"href":"https:\/\/linitiative.ca\/International\/wp-json\/wp\/v2\/comments?post=61855"}],"version-history":[{"count":0,"href":"https:\/\/linitiative.ca\/International\/wp-json\/wp\/v2\/posts\/61855\/revisions"}],"wp:featuredmedia":[{"embeddable":true,"href":"https:\/\/linitiative.ca\/International\/wp-json\/"}],"wp:attachment":[{"href":"https:\/\/linitiative.ca\/International\/wp-json\/wp\/v2\/media?parent=61855"}],"wp:term":[{"taxonomy":"category","embeddable":true,"href":"https:\/\/linitiative.ca\/International\/wp-json\/wp\/v2\/categories?post=61855"},{"taxonomy":"post_tag","embeddable":true,"href":"https:\/\/linitiative.ca\/International\/wp-json\/wp\/v2\/tags?post=61855"}],"curies":[{"name":"wp","href":"https:\/\/api.w.org\/{rel}","templated":true}]}}