{"id":61859,"date":"2019-09-21T14:54:35","date_gmt":"2019-09-21T18:54:35","guid":{"rendered":"https:\/\/linitiative.ca\/International\/leconomie-suisse-pas-tres-en-forme\/"},"modified":"2019-09-21T14:54:35","modified_gmt":"2019-09-21T18:54:35","slug":"leconomie-suisse-pas-tres-en-forme","status":"publish","type":"post","link":"https:\/\/linitiative.ca\/International\/leconomie-suisse-pas-tres-en-forme\/","title":{"rendered":"L\u2019\u00e9conomie suisse pas tr\u00e8s en forme"},"content":{"rendered":"<p class=\"rtejustify\">La conjoncture est moins favorable \u00e0 l\u2019\u00e9conomie suisse. Selon le secr\u00e9tariat d\u2019Etat \u00e0 l\u2019Economie, la croissance en 2019 devrait s\u2019\u00e9tablir \u00e0 moins de 1% pour \u00eatre port\u00e9e \u00e0 1,7% l\u2019ann\u00e9e prochaine. Au deuxi\u00e8me semestre, le groupe d\u2019experts de la Conf\u00e9d\u00e9ration helv\u00e9tique s\u2019attend \u00e0 une moindre demande \u00e9trang\u00e8re engendrant un tassement des exportations, ce qui n\u2019\u00e9tait pas arriv\u00e9 depuis des ann\u00e9es.<\/p>\n<p class=\"rtejustify\">Les investissements des entreprises dans les biens d\u2019\u00e9quipements sont frein\u00e9s en raison de la baisse d\u2019utilisation des capacit\u00e9s de production et de la faiblesse des entr\u00e9es de commandes, explique la m\u00eame source.<\/p>\n<p class=\"rtejustify\">Dans le secteur de la construction, l\u2019\u00e9volution attendue est mod\u00e9r\u00e9e \u00e0 cause de la hausse du taux de logements vacants et \u00e0 l\u2019inverse, de la baisse dans l\u2019octroi des permis de construire. Gr\u00e2ce \u00e0 une situation favorable sur le march\u00e9 du travail, la croissance mod\u00e9r\u00e9e de la consommation enregistr\u00e9e au premier semestre devrait se poursuivre jusqu\u2019en 2020. Le taux de ch\u00f4mage annuel moyen devrait s\u2019inscrire au niveau faible de 2,3%.<\/p>\n<p class=\"rtejustify\">\u00a0<\/p>\n<p>Auteur: hlafriqi<br \/>\n<a href=\"https:\/\/www.leconomiste.com\/article\/1050384-l-economie-suisse-pas-tres-en-forme\">Cliquez ici pour lire l&rsquo;article depuis sa source.<\/a><\/p>\n","protected":false},"excerpt":{"rendered":"<p>La conjoncture est moins favorable \u00e0 l\u2019\u00e9conomie suisse. Selon le secr\u00e9tariat d\u2019Etat \u00e0 l\u2019Economie, la croissance en 2019 devrait s\u2019\u00e9tablir \u00e0 moins de 1% pour \u00eatre port\u00e9e \u00e0 1,7% l\u2019ann\u00e9e prochaine. Au deuxi\u00e8me semestre, le groupe d\u2019experts de la Conf\u00e9d\u00e9ration helv\u00e9tique s\u2019attend \u00e0 une moindre demande \u00e9trang\u00e8re engendrant un tassement des exportations, ce qui n\u2019\u00e9tait [&hellip;]<\/p>\n","protected":false},"author":1763,"featured_media":0,"comment_status":"closed","ping_status":"closed","sticky":false,"template":"","format":"standard","meta":{"fifu_image_url":"","fifu_image_alt":"","footnotes":""},"categories":[78,54],"tags":[],"class_list":["post-61859","post","type-post","status-publish","format-standard","hentry","category-economie","category-maroc"],"_links":{"self":[{"href":"https:\/\/linitiative.ca\/International\/wp-json\/wp\/v2\/posts\/61859","targetHints":{"allow":["GET"]}}],"collection":[{"href":"https:\/\/linitiative.ca\/International\/wp-json\/wp\/v2\/posts"}],"about":[{"href":"https:\/\/linitiative.ca\/International\/wp-json\/wp\/v2\/types\/post"}],"author":[{"embeddable":true,"href":"https:\/\/linitiative.ca\/International\/wp-json\/wp\/v2\/users\/1763"}],"replies":[{"embeddable":true,"href":"https:\/\/linitiative.ca\/International\/wp-json\/wp\/v2\/comments?post=61859"}],"version-history":[{"count":0,"href":"https:\/\/linitiative.ca\/International\/wp-json\/wp\/v2\/posts\/61859\/revisions"}],"wp:attachment":[{"href":"https:\/\/linitiative.ca\/International\/wp-json\/wp\/v2\/media?parent=61859"}],"wp:term":[{"taxonomy":"category","embeddable":true,"href":"https:\/\/linitiative.ca\/International\/wp-json\/wp\/v2\/categories?post=61859"},{"taxonomy":"post_tag","embeddable":true,"href":"https:\/\/linitiative.ca\/International\/wp-json\/wp\/v2\/tags?post=61859"}],"curies":[{"name":"wp","href":"https:\/\/api.w.org\/{rel}","templated":true}]}}