{"id":61862,"date":"2019-09-21T14:54:38","date_gmt":"2019-09-21T18:54:38","guid":{"rendered":"https:\/\/linitiative.ca\/International\/espagne-quatre-ans-quatre-legislatives\/"},"modified":"2019-09-21T14:54:38","modified_gmt":"2019-09-21T18:54:38","slug":"espagne-quatre-ans-quatre-legislatives","status":"publish","type":"post","link":"https:\/\/linitiative.ca\/International\/espagne-quatre-ans-quatre-legislatives\/","title":{"rendered":"Espagne: Quatre ans, quatre l\u00e9gislatives"},"content":{"rendered":"<div readability=\"34\">\n<p>Les \u00e9ch\u00e9ances fix\u00e9es au 10 novembre 2019<\/p>\n<p>L\u2019instabilit\u00e9 politique perdure depuis la fin du bipartisme<\/p>\n<\/div>\n<div readability=\"75\">\n<div class=\"dnd-atom-wrapper type-image context-sdl_editor_representation\" contenteditable=\"false\" readability=\"31.5\">\n<div class=\"dnd-drop-wrapper image\"><img loading=\"lazy\" decoding=\"async\" typeof=\"foaf:Image\" class=\"img-responsive\" src=\"https:\/\/leconomiste.com\/sites\/default\/files\/eco7\/public\/thumbnails\/image\/pedro-sanchez-096.jpg\" width=\"660\" height=\"330\" alt=\"pedro-sanchez-096.jpg\" title=\"pedro-sanchez-096.jpg\"\/><\/div>\n<div class=\"dnd-legend-wrapper\" contenteditable=\"true\" readability=\"8\">\n<p class=\"rtejustify\">Le parti socialiste de Pedro Sanchez reste favori des sondages et pourrait obtenir de nouveaux si\u00e8ges au Parlement <em>(Ph. AFP)<\/em><\/p>\n<\/div>\n<\/div>\n<p class=\"rtejustify\">\u00abLe retour aux urnes est incontournable\u00bb. C\u2019est le verdict du chef du gouvernement sortant Pedro Sanchez. Et la date a \u00e9t\u00e9 fix\u00e9e au 10 novembre prochain. C\u2019est le r\u00e9sultat des consultations men\u00e9es\u00a0 entre le roi Felipe VI et les partis politiques.<\/p>\n<p class=\"rtejustify\">Et pour cause, \u00abil n\u2019y a aucune majorit\u00e9 \u00e0 la Chambre des d\u00e9put\u00e9s pouvant garantir la formation d\u2019un gouvernement\u00bb, d\u00e9clare Sanchez. Ce dernier n\u2019est pas parvenu depuis le dernier scrutin du 28 avril \u00e0 obtenir les soutiens n\u00e9cessaires pour \u00eatre reconduit au pouvoir. Le palais royal avait indiqu\u00e9\u00a0 que le souverain ne proposerait pas de candidat au poste de chef du gouvernement, aucun \u00abne comptant les appuis n\u00e9cessaires pour que la Chambre des d\u00e9put\u00e9s lui octroie sa confiance\u00bb.<\/p>\n<p class=\"rtejustify\">L\u2019Espagne souffre d\u2019instabilit\u00e9 politique depuis que le bipartisme a vol\u00e9 en \u00e9clats en 2015 avec l\u2019entr\u00e9e en force au Parlement de la gauche radicale de Podemos et des lib\u00e9raux de Ciudadanos. Le Parlement est encore plus fragment\u00e9 depuis l\u2019\u00e9mergence de l\u2019extr\u00eame droite de Vox au dernier scrutin.<\/p>\n<p class=\"rtejustify\">Cette nouvelle impasse politique va entra\u00eener la dissolution automatique du Parlement le 23 septembre, date limite fix\u00e9e pour l\u2019investiture d\u2019un chef de gouvernement, et la convocation d\u2019un quatri\u00e8me scrutin en quatre ans.<\/p>\n<p class=\"rtejustify\">En juillet dernier, Sanchez avait \u00e9chou\u00e9 \u00e0 obtenir la confiance des d\u00e9put\u00e9s, faute d\u2019accord avec la gauche radicale de Podemos sur un gouvernement de coalition. Les discussions avec Podemos avaient repris depuis mais sans sortir de l\u2019impasse. La gauche radicale exigeait toujours de rentrer au gouvernement alors que les socialistes proposaient, eux, un simple programme commun.<\/p>\n<p class=\"rtejustify\">Le parti lib\u00e9ral Ciudadanos a bien fait une offre surprise de derni\u00e8re minute mais elle semblait vou\u00e9e \u00e0 l\u2019\u00e9chec. Albert Rivera, le chef de Ciudadanos, avait propos\u00e9 l\u2019abstention sous conditions de sa formation et celle des conservateurs du Parti populaire, pour faciliter l\u2019investiture de Pedro Sanchez. Mais il exigeait en \u00e9change que le chef du gouvernement en exercice s\u2019engage \u00e0 ne pas gracier les ind\u00e9pendantistes catalans s\u2019ils sont condamn\u00e9s par la Cour supr\u00eame pour leur r\u00f4le dans la tentative de s\u00e9cession de 2017.<\/p>\n<p class=\"rtejustify\">Vainqueur haut la main des l\u00e9gislatives du 28 avril et des europ\u00e9ennes de mai, le Parti socialiste reste favori des sondages et pourrait gagner des si\u00e8ges \u00e0 la Chambre des d\u00e9put\u00e9s o\u00f9 il en compte 123 sur 350. La fin du bipartisme a plong\u00e9 le pays dans l\u2019instabilit\u00e9 politique depuis 2015.<\/p>\n<p class=\"rtejustify\"><em>A.G.<\/em><\/p>\n<p class=\"rtejustify\">\u00a0<\/p>\n<\/div>\n<p>Auteur: hlafriqi<br \/>\n<a href=\"https:\/\/www.leconomiste.com\/article\/1050424-espagne-quatre-ans-quatre-legislatives\">Cliquez ici pour lire l&rsquo;article depuis sa source.<\/a><\/p>\n","protected":false},"excerpt":{"rendered":"<p>Les \u00e9ch\u00e9ances fix\u00e9es au 10 novembre 2019 L\u2019instabilit\u00e9 politique perdure depuis la fin du bipartisme Le parti socialiste de Pedro Sanchez reste favori des sondages et pourrait obtenir de nouveaux si\u00e8ges au Parlement (Ph. AFP) \u00abLe retour aux urnes est incontournable\u00bb. C\u2019est le verdict du chef du gouvernement sortant Pedro Sanchez. Et la date a [&hellip;]<\/p>\n","protected":false},"author":1763,"featured_media":61863,"comment_status":"closed","ping_status":"closed","sticky":false,"template":"","format":"standard","meta":{"fifu_image_url":"","fifu_image_alt":"","footnotes":""},"categories":[78,54],"tags":[],"class_list":["post-61862","post","type-post","status-publish","format-standard","has-post-thumbnail","hentry","category-economie","category-maroc"],"_links":{"self":[{"href":"https:\/\/linitiative.ca\/International\/wp-json\/wp\/v2\/posts\/61862","targetHints":{"allow":["GET"]}}],"collection":[{"href":"https:\/\/linitiative.ca\/International\/wp-json\/wp\/v2\/posts"}],"about":[{"href":"https:\/\/linitiative.ca\/International\/wp-json\/wp\/v2\/types\/post"}],"author":[{"embeddable":true,"href":"https:\/\/linitiative.ca\/International\/wp-json\/wp\/v2\/users\/1763"}],"replies":[{"embeddable":true,"href":"https:\/\/linitiative.ca\/International\/wp-json\/wp\/v2\/comments?post=61862"}],"version-history":[{"count":0,"href":"https:\/\/linitiative.ca\/International\/wp-json\/wp\/v2\/posts\/61862\/revisions"}],"wp:featuredmedia":[{"embeddable":true,"href":"https:\/\/linitiative.ca\/International\/wp-json\/"}],"wp:attachment":[{"href":"https:\/\/linitiative.ca\/International\/wp-json\/wp\/v2\/media?parent=61862"}],"wp:term":[{"taxonomy":"category","embeddable":true,"href":"https:\/\/linitiative.ca\/International\/wp-json\/wp\/v2\/categories?post=61862"},{"taxonomy":"post_tag","embeddable":true,"href":"https:\/\/linitiative.ca\/International\/wp-json\/wp\/v2\/tags?post=61862"}],"curies":[{"name":"wp","href":"https:\/\/api.w.org\/{rel}","templated":true}]}}