{"id":61867,"date":"2019-09-21T15:14:13","date_gmt":"2019-09-21T19:14:13","guid":{"rendered":"https:\/\/linitiative.ca\/International\/international-real-madrid-zidane-repond-aux-rumeurs\/"},"modified":"2019-09-21T15:14:13","modified_gmt":"2019-09-21T19:14:13","slug":"international-real-madrid-zidane-repond-aux-rumeurs","status":"publish","type":"post","link":"https:\/\/linitiative.ca\/International\/international-real-madrid-zidane-repond-aux-rumeurs\/","title":{"rendered":"International : Real Madrid: Zidane r\u00e9pond aux rumeurs"},"content":{"rendered":"<div readability=\"32\">\n<p>Auteur : <span class=\"time\">samedi 21 septembre 2019 16:30<\/span><\/p>\n<\/div>\n<div id=\"post_core\" readability=\"48\">\n<p>Depuis la d\u00e9faite du Real Madrid sur la pelouse du Paris Saint-Germain (0-3) mercredi en Ligue des Champions, l&rsquo;entra\u00eeneur madril\u00e8ne Zin\u00e9dine Zidane se retrouve contest\u00e9 en Espagne, avec notamment une rumeur concernant un \u00e9ventuel retour de Jos\u00e9 Mourinho. Pr\u00e9sent devant les m\u00e9dias ce samedi, le technicien fran\u00e7ais a \u00e9voqu\u00e9 ce contexte difficile: \u00ab\u00a0Si j&rsquo;ai la force de continuer ? Oui bien s\u00fbr. Franchement, ce qui se passe \u00e0 l&rsquo;ext\u00e9rieur, \u00e7a ne m&rsquo;int\u00e9resse pas. Je me sens fort et personne ne baisse les bras. J&rsquo;ai bien l&rsquo;intention de me battre jusqu&rsquo;\u00e0 la fin, tant qu&rsquo;on me donne l&rsquo;opportunit\u00e9 de rester. Je ne me sens pas remis en question. Au contraire m\u00eame. Et si je ne le sens plus comme \u00e7a un jour&#8230; il vaut mieux partir. Mais je ne pense pas \u00e0 partir. Je pense seulement \u00e0 gagner demain. Mourinho ? Non, \u00e7a ne me d\u00e9range pas d&rsquo;entendre le nom de Mourinho. C&rsquo;est comme \u00e7a dans le foot. Quand tu perds un match, il faudrait tout changer\u00a0\u00bb, a r\u00e9pondu Zidane. Dimanche, le Real va tenter de se relancer en Liga face au FC S\u00e9ville, actuel leader du championnat rapporte Maxifoot.fr.<\/p>\n<p><strong>Publi\u00e9 dans :<\/strong> <span>Zidane<\/span> <span>real madrid<\/span><\/p>\n<\/div>\n<p>Auteur:<br \/>\n<a href=\"http:\/\/www.lebuteur.com\/article\/detail?titre=real-madrid-zidane-repond-aux-rumeurs&#038;id=91822&#038;utm_source=feedburner&#038;utm_medium=feed&#038;utm_campaign=Feed%3A+GalerieFArtciles+%28Les+derniers+articles++-+lebuteur.com%29\">Cliquez ici pour lire l&rsquo;article depuis sa source.<\/a><\/p>\n","protected":false},"excerpt":{"rendered":"<p>Auteur : samedi 21 septembre 2019 16:30 Depuis la d\u00e9faite du Real Madrid sur la pelouse du Paris Saint-Germain (0-3) mercredi en Ligue des Champions, l&rsquo;entra\u00eeneur madril\u00e8ne Zin\u00e9dine Zidane se retrouve contest\u00e9 en Espagne, avec notamment une rumeur concernant un \u00e9ventuel retour de Jos\u00e9 Mourinho. Pr\u00e9sent devant les m\u00e9dias ce samedi, le technicien fran\u00e7ais a [&hellip;]<\/p>\n","protected":false},"author":1738,"featured_media":61868,"comment_status":"closed","ping_status":"closed","sticky":false,"template":"","format":"standard","meta":{"fifu_image_url":"","fifu_image_alt":"","footnotes":""},"categories":[53,75],"tags":[],"class_list":["post-61867","post","type-post","status-publish","format-standard","has-post-thumbnail","hentry","category-algerie","category-sport"],"_links":{"self":[{"href":"https:\/\/linitiative.ca\/International\/wp-json\/wp\/v2\/posts\/61867","targetHints":{"allow":["GET"]}}],"collection":[{"href":"https:\/\/linitiative.ca\/International\/wp-json\/wp\/v2\/posts"}],"about":[{"href":"https:\/\/linitiative.ca\/International\/wp-json\/wp\/v2\/types\/post"}],"author":[{"embeddable":true,"href":"https:\/\/linitiative.ca\/International\/wp-json\/wp\/v2\/users\/1738"}],"replies":[{"embeddable":true,"href":"https:\/\/linitiative.ca\/International\/wp-json\/wp\/v2\/comments?post=61867"}],"version-history":[{"count":0,"href":"https:\/\/linitiative.ca\/International\/wp-json\/wp\/v2\/posts\/61867\/revisions"}],"wp:featuredmedia":[{"embeddable":true,"href":"https:\/\/linitiative.ca\/International\/wp-json\/"}],"wp:attachment":[{"href":"https:\/\/linitiative.ca\/International\/wp-json\/wp\/v2\/media?parent=61867"}],"wp:term":[{"taxonomy":"category","embeddable":true,"href":"https:\/\/linitiative.ca\/International\/wp-json\/wp\/v2\/categories?post=61867"},{"taxonomy":"post_tag","embeddable":true,"href":"https:\/\/linitiative.ca\/International\/wp-json\/wp\/v2\/tags?post=61867"}],"curies":[{"name":"wp","href":"https:\/\/api.w.org\/{rel}","templated":true}]}}