{"id":61869,"date":"2019-09-21T15:14:14","date_gmt":"2019-09-21T19:14:14","guid":{"rendered":"https:\/\/linitiative.ca\/International\/pros-ogc-nice-vieira-atal-fait-partie-des-joueurs-qui-ont-beaucoup-de-responsabilites\/"},"modified":"2019-09-21T15:14:14","modified_gmt":"2019-09-21T19:14:14","slug":"pros-ogc-nice-vieira-atal-fait-partie-des-joueurs-qui-ont-beaucoup-de-responsabilites","status":"publish","type":"post","link":"https:\/\/linitiative.ca\/International\/pros-ogc-nice-vieira-atal-fait-partie-des-joueurs-qui-ont-beaucoup-de-responsabilites\/","title":{"rendered":"Pros : OGC Nice \u2013 Vieira : \u00abAtal fait partie des joueurs qui ont beaucoup de responsabilit\u00e9s\u00bb"},"content":{"rendered":"<div readability=\"32\">\n<p>Auteur : <span class=\"time\">samedi 21 septembre 2019 17:28<\/span><\/p>\n<\/div>\n<div id=\"post_core\" readability=\"40\">\n<p>L&rsquo;entra\u00eeneur de l&rsquo;OGC Nice, Patrick Vieira s&rsquo;est exprim\u00e9 au sujet de son joueur Alg\u00e9rien, Youcef Atal aujourd\u2019hui en conf\u00e9rence de presse\u00a0:\u00a0\u00abIl a gagn\u00e9 la derni\u00e8re CAN. L\u2019ann\u00e9e derni\u00e8re, il s\u2019est vraiment impos\u00e9 sur et en dehors du terrain. Il fait partie des joueurs qui ont beaucoup de responsabilit\u00e9s. Il a un r\u00f4le important ; c\u2019est \u00e0 moi de lui faire comprendre.\u00bb a-t-il d\u00e9clar\u00e9, avant d\u2019ajouter\u00a0:\u00a0\u00abC\u2019est quelqu\u2019un qui est vraiment agr\u00e9able au quotidien ; toujours le sourire, quelqu\u2019un qui travaille tr\u00e8s bien et tout le monde l\u2019adore dans le vestiaire.\u00bb Voila qui devrait faire plaisir au lat\u00e9ral droit de l\u2019EN.<\/p>\n<p><strong>Publi\u00e9 dans :<\/strong> <span>Atal<\/span><\/p>\n<\/div>\n<p>Auteur:<br \/>\n<a href=\"http:\/\/www.lebuteur.com\/article\/detail?titre=ogc-nice-vieira-atal-fait-partie-des-joueurs-qui-ont-beaucoup-de-responsabilites&#038;id=91823&#038;utm_source=feedburner&#038;utm_medium=feed&#038;utm_campaign=Feed%3A+GalerieFArtciles+%28Les+derniers+articles++-+lebuteur.com%29\">Cliquez ici pour lire l&rsquo;article depuis sa source.<\/a><\/p>\n","protected":false},"excerpt":{"rendered":"<p>Auteur : samedi 21 septembre 2019 17:28 L&rsquo;entra\u00eeneur de l&rsquo;OGC Nice, Patrick Vieira s&rsquo;est exprim\u00e9 au sujet de son joueur Alg\u00e9rien, Youcef Atal aujourd\u2019hui en conf\u00e9rence de presse\u00a0:\u00a0\u00abIl a gagn\u00e9 la derni\u00e8re CAN. L\u2019ann\u00e9e derni\u00e8re, il s\u2019est vraiment impos\u00e9 sur et en dehors du terrain. Il fait partie des joueurs qui ont beaucoup de responsabilit\u00e9s. [&hellip;]<\/p>\n","protected":false},"author":1738,"featured_media":61870,"comment_status":"closed","ping_status":"closed","sticky":false,"template":"","format":"standard","meta":{"fifu_image_url":"","fifu_image_alt":"","footnotes":""},"categories":[53,75],"tags":[],"class_list":["post-61869","post","type-post","status-publish","format-standard","has-post-thumbnail","hentry","category-algerie","category-sport"],"_links":{"self":[{"href":"https:\/\/linitiative.ca\/International\/wp-json\/wp\/v2\/posts\/61869","targetHints":{"allow":["GET"]}}],"collection":[{"href":"https:\/\/linitiative.ca\/International\/wp-json\/wp\/v2\/posts"}],"about":[{"href":"https:\/\/linitiative.ca\/International\/wp-json\/wp\/v2\/types\/post"}],"author":[{"embeddable":true,"href":"https:\/\/linitiative.ca\/International\/wp-json\/wp\/v2\/users\/1738"}],"replies":[{"embeddable":true,"href":"https:\/\/linitiative.ca\/International\/wp-json\/wp\/v2\/comments?post=61869"}],"version-history":[{"count":0,"href":"https:\/\/linitiative.ca\/International\/wp-json\/wp\/v2\/posts\/61869\/revisions"}],"wp:featuredmedia":[{"embeddable":true,"href":"https:\/\/linitiative.ca\/International\/wp-json\/"}],"wp:attachment":[{"href":"https:\/\/linitiative.ca\/International\/wp-json\/wp\/v2\/media?parent=61869"}],"wp:term":[{"taxonomy":"category","embeddable":true,"href":"https:\/\/linitiative.ca\/International\/wp-json\/wp\/v2\/categories?post=61869"},{"taxonomy":"post_tag","embeddable":true,"href":"https:\/\/linitiative.ca\/International\/wp-json\/wp\/v2\/tags?post=61869"}],"curies":[{"name":"wp","href":"https:\/\/api.w.org\/{rel}","templated":true}]}}