{"id":61875,"date":"2019-09-20T20:00:00","date_gmt":"2019-09-21T00:00:00","guid":{"rendered":"https:\/\/linitiative.ca\/International\/operation-militaire-de-la-coalition-a-hodeida-yemen-laccord-de-stockholm-menace\/"},"modified":"2019-09-20T20:00:00","modified_gmt":"2019-09-21T00:00:00","slug":"operation-militaire-de-la-coalition-a-hodeida-yemen-laccord-de-stockholm-menace","status":"publish","type":"post","link":"https:\/\/linitiative.ca\/International\/operation-militaire-de-la-coalition-a-hodeida-yemen-laccord-de-stockholm-menace\/","title":{"rendered":"Op\u00e9ration militaire de la coalition  \u00e0 Hode\u00efda (Y\u00e9men) :  L\u2019accord de Stockholm, menac\u00e9"},"content":{"rendered":"<p>L\u2019accord de Stockholm, qui a instaur\u00e9 le cessez-le-feu \u00e0 Hode\u00efda, ville portuaire strat\u00e9gique d\u2019o\u00f9 est achemin\u00e9e la majorit\u00e9 de l\u2019aide alimentaire destin\u00e9e \u00e0 la population y\u00e9m\u00e9nite, survivra-t-il apr\u00e8s les r\u00e9cents raids de la coalition ?\u00a0<\/p>\n<div readability=\"34\">\n<p>Cette coalition est dirig\u00e9e par l&rsquo;Arabie saoudite qui a annonc\u00e9 avoir lanc\u00e9 jeudi dernier une op\u00e9ration militaire au Y\u00e9men contre les rebelles houthis, la premi\u00e8re depuis les attaques de drones sur des installations p\u00e9troli\u00e8res saoudiennes la semaine derni\u00e8re. Ces attaques ont d\u00e9truit quatre sites situ\u00e9s au nord de la ville portuaire, utilis\u00e9s par les rebelles, pour assembler des bateaux t\u00e9l\u00e9command\u00e9s et des mines marines, selon un communiqu\u00e9 publi\u00e9 par l&rsquo;agence de presse officielle saoudienne SPA. Elle consid\u00e9rait ces sites comme des menaces \u00e0 la s\u00e9curit\u00e9 maritime dans le strat\u00e9gique d\u00e9troit de\u00a0<\/p>\n<p>Bab al-Mandeb et le sud de la mer Rouge. Peu avant l&rsquo;annonce de cette op\u00e9ration militaire, la coalition avait affirm\u00e9 avoir d\u00e9jou\u00e9 une attaque au bateau pi\u00e9g\u00e9, sans \u00e9quipage. \u00abLa force navale de la coalition a d\u00e9tect\u00e9 une tentative de la milice terroriste houthis de commettre un acte hostile et terroriste imminent dans le sud de la mer Rouge en utilisant un bateau pi\u00e9g\u00e9 t\u00e9l\u00e9command\u00e9\u00bb, avait indiqu\u00e9 la coalition dans un communiqu\u00e9 diffus\u00e9 par SPA. Le bateau a \u00e9t\u00e9 lanc\u00e9 \u00abdepuis le gouvernorat de Hode\u00efda\u00bb, dans l&rsquo;ouest du Y\u00e9men, a-t-elle ajout\u00e9, sans savoir ce qu&rsquo;il visait. Il a \u00e9t\u00e9 d\u00e9truit. Les Houthis ont accus\u00e9 hier la coalition d&rsquo;une \u00abgrave escalade \u00e0 Hode\u00efda, de nature \u00e0 dynamiter l&rsquo;accord\u00bb conclu en d\u00e9cembre \u00e0 Stockholm sur une tr\u00eave et un red\u00e9ploiement des forces dans cette ville portuaire strat\u00e9gique de l&rsquo;ouest du Y\u00e9men. \u00abLes raids intensifs sur Hode\u00efda sont une grave escalade de nature \u00e0 dynamiter l&rsquo;accord de Su\u00e8de\u00bb, a d\u00e9clar\u00e9 Mohammed Abdelsalam, l&rsquo;un des dirigeants des Houthis, cit\u00e9 par leur cha\u00eene de t\u00e9l\u00e9vision Al-Massirah. \u00abLa coalition sera tenue responsable des cons\u00e9quences de cette escalade et la position des Nations unies \u00e0 ce propos sera observ\u00e9e avec attention\u00bb, a-t-il ajout\u00e9. Concernant la navigation au large de Hode\u00efda, le responsable rebelle a accus\u00e9 la coalition de retenir plusieurs navires, les emp\u00eachant de d\u00e9charger leurs cargaisons dans les ports de la ville. Cet act\u00e9 \u00e9quivaut \u00e0 \u00abun acte de guerre et \u00e0 une agression\u00bb, a-t-il affirm\u00e9. Les Houthis continuent d&rsquo;occuper le port de Hode\u00efda en d\u00e9pit d&rsquo;un accord parrain\u00e9 par les Nations unies et sign\u00e9 le 13 d\u00e9cembre 2018, pr\u00e9voyant de c\u00e9der le contr\u00f4le de cette installation \u00e0 des forces neutres (les anciens agents de la douane) et un red\u00e9ploiement des forces des rebelles et du gouvernement autour de la ville.<\/p>\n<p><strong>M. T. et Agences<\/strong><\/p>\n<\/div>\n<p>Auteur: elmoudjahid<br \/>\n<a href=\"http:\/\/www.elmoudjahid.com\/fr\/actualites\/142225\">Cliquez ici pour lire l&rsquo;article depuis sa source.<\/a><\/p>\n","protected":false},"excerpt":{"rendered":"<p>L\u2019accord de Stockholm, qui a instaur\u00e9 le cessez-le-feu \u00e0 Hode\u00efda, ville portuaire strat\u00e9gique d\u2019o\u00f9 est achemin\u00e9e la majorit\u00e9 de l\u2019aide alimentaire destin\u00e9e \u00e0 la population y\u00e9m\u00e9nite, survivra-t-il apr\u00e8s les r\u00e9cents raids de la coalition ?\u00a0 Cette coalition est dirig\u00e9e par l&rsquo;Arabie saoudite qui a annonc\u00e9 avoir lanc\u00e9 jeudi dernier une op\u00e9ration militaire au Y\u00e9men contre [&hellip;]<\/p>\n","protected":false},"author":1744,"featured_media":0,"comment_status":"closed","ping_status":"closed","sticky":false,"template":"","format":"standard","meta":{"fifu_image_url":"","fifu_image_alt":"","footnotes":""},"categories":[73,53],"tags":[],"class_list":["post-61875","post","type-post","status-publish","format-standard","hentry","category-actualite","category-algerie"],"_links":{"self":[{"href":"https:\/\/linitiative.ca\/International\/wp-json\/wp\/v2\/posts\/61875","targetHints":{"allow":["GET"]}}],"collection":[{"href":"https:\/\/linitiative.ca\/International\/wp-json\/wp\/v2\/posts"}],"about":[{"href":"https:\/\/linitiative.ca\/International\/wp-json\/wp\/v2\/types\/post"}],"author":[{"embeddable":true,"href":"https:\/\/linitiative.ca\/International\/wp-json\/wp\/v2\/users\/1744"}],"replies":[{"embeddable":true,"href":"https:\/\/linitiative.ca\/International\/wp-json\/wp\/v2\/comments?post=61875"}],"version-history":[{"count":0,"href":"https:\/\/linitiative.ca\/International\/wp-json\/wp\/v2\/posts\/61875\/revisions"}],"wp:attachment":[{"href":"https:\/\/linitiative.ca\/International\/wp-json\/wp\/v2\/media?parent=61875"}],"wp:term":[{"taxonomy":"category","embeddable":true,"href":"https:\/\/linitiative.ca\/International\/wp-json\/wp\/v2\/categories?post=61875"},{"taxonomy":"post_tag","embeddable":true,"href":"https:\/\/linitiative.ca\/International\/wp-json\/wp\/v2\/tags?post=61875"}],"curies":[{"name":"wp","href":"https:\/\/api.w.org\/{rel}","templated":true}]}}