{"id":61877,"date":"2019-09-20T20:00:00","date_gmt":"2019-09-21T00:00:00","guid":{"rendered":"https:\/\/linitiative.ca\/International\/sahara-occidental-le-chef-de-la-minurso-visite-les-camps-de-refugies\/"},"modified":"2019-09-20T20:00:00","modified_gmt":"2019-09-21T00:00:00","slug":"sahara-occidental-le-chef-de-la-minurso-visite-les-camps-de-refugies","status":"publish","type":"post","link":"https:\/\/linitiative.ca\/International\/sahara-occidental-le-chef-de-la-minurso-visite-les-camps-de-refugies\/","title":{"rendered":"Sahara Occidental :  Le chef de la Minurso visite  les camps de r\u00e9fugi\u00e9s"},"content":{"rendered":"<p>Le repr\u00e9sentant sp\u00e9cial pour le Sahara occidental et chef de la Minurso, Colin Stewart, s\u2019est rendu, jeudi, aux\u00a0 \u00a0camps de r\u00e9fugi\u00e9s sahraouis. Au cours de ce d\u00e9placement, Colin Stewart a rencontr\u00e9 des repr\u00e9sentants\u00a0 \u00a0d\u2019ONG et des responsables sahraouis activant dans le domaine de l\u2019humanitaire, a indiqu\u00e9 le repr\u00e9sentant du Front Polisario \u00e0 l\u2019ONU, Sidi\u00a0 \u00a0Omar, dans un tweet.\u00a0\u00a0<\/p>\n<p>La visite de Colin Stewart intervient \u00e0 quelques semaines des d\u00e9lib\u00e9rations pr\u00e9vues au Conseil de s\u00e9curit\u00e9 pour le renouvellement du mandat de la mission qui expire le 31 octobre prochain. Dans une lettre adress\u00e9e r\u00e9cemment au pr\u00e9sident du Conseil de s\u00e9curit\u00e9, Vassily Nebenzia, le pr\u00e9sident sahraoui, Brahim Ghali, a affirm\u00e9 que \u00ables\u00a0 \u00a0restrictions inacceptables impos\u00e9es par le Maroc \u00e0 la mission onusienne et l\u2019\u00e9chec de cette derni\u00e8re dans sa mission l\u2019ont d\u00e9cr\u00e9dibilis\u00e9e aux yeux du peuple sahraoui\u00bb.\u00a0 Le pr\u00e9sident sahraoui a \u00e9galement appel\u00e9 le Conseil de s\u00e9curit\u00e9 \u00e0 h\u00e2ter la\u00a0 \u00a0d\u00e9signation d\u2019un nouvel envoy\u00e9 personnel du secr\u00e9taire g\u00e9n\u00e9ral de l\u2019ONU, \u00abanim\u00e9 par les m\u00eames convictions et la m\u00eame d\u00e9termination que son\u00a0 \u00a0pr\u00e9d\u00e9cesseur\u00bb, Horst Kohler.\u00a0<\/p>\n<p>Auteur: elmoudjahid<br \/>\n<a href=\"http:\/\/www.elmoudjahid.com\/fr\/actualites\/142227\">Cliquez ici pour lire l&rsquo;article depuis sa source.<\/a><\/p>\n","protected":false},"excerpt":{"rendered":"<p>Le repr\u00e9sentant sp\u00e9cial pour le Sahara occidental et chef de la Minurso, Colin Stewart, s\u2019est rendu, jeudi, aux\u00a0 \u00a0camps de r\u00e9fugi\u00e9s sahraouis. Au cours de ce d\u00e9placement, Colin Stewart a rencontr\u00e9 des repr\u00e9sentants\u00a0 \u00a0d\u2019ONG et des responsables sahraouis activant dans le domaine de l\u2019humanitaire, a indiqu\u00e9 le repr\u00e9sentant du Front Polisario \u00e0 l\u2019ONU, Sidi\u00a0 \u00a0Omar, [&hellip;]<\/p>\n","protected":false},"author":1744,"featured_media":0,"comment_status":"closed","ping_status":"closed","sticky":false,"template":"","format":"standard","meta":{"fifu_image_url":"","fifu_image_alt":"","footnotes":""},"categories":[73,53],"tags":[],"class_list":["post-61877","post","type-post","status-publish","format-standard","hentry","category-actualite","category-algerie"],"_links":{"self":[{"href":"https:\/\/linitiative.ca\/International\/wp-json\/wp\/v2\/posts\/61877","targetHints":{"allow":["GET"]}}],"collection":[{"href":"https:\/\/linitiative.ca\/International\/wp-json\/wp\/v2\/posts"}],"about":[{"href":"https:\/\/linitiative.ca\/International\/wp-json\/wp\/v2\/types\/post"}],"author":[{"embeddable":true,"href":"https:\/\/linitiative.ca\/International\/wp-json\/wp\/v2\/users\/1744"}],"replies":[{"embeddable":true,"href":"https:\/\/linitiative.ca\/International\/wp-json\/wp\/v2\/comments?post=61877"}],"version-history":[{"count":0,"href":"https:\/\/linitiative.ca\/International\/wp-json\/wp\/v2\/posts\/61877\/revisions"}],"wp:attachment":[{"href":"https:\/\/linitiative.ca\/International\/wp-json\/wp\/v2\/media?parent=61877"}],"wp:term":[{"taxonomy":"category","embeddable":true,"href":"https:\/\/linitiative.ca\/International\/wp-json\/wp\/v2\/categories?post=61877"},{"taxonomy":"post_tag","embeddable":true,"href":"https:\/\/linitiative.ca\/International\/wp-json\/wp\/v2\/tags?post=61877"}],"curies":[{"name":"wp","href":"https:\/\/api.w.org\/{rel}","templated":true}]}}