{"id":61884,"date":"2019-09-21T12:17:00","date_gmt":"2019-09-21T16:17:00","guid":{"rendered":"https:\/\/linitiative.ca\/International\/benflis-ne-sera-pas-candidat\/"},"modified":"2019-09-21T12:17:00","modified_gmt":"2019-09-21T16:17:00","slug":"benflis-ne-sera-pas-candidat","status":"publish","type":"post","link":"https:\/\/linitiative.ca\/International\/benflis-ne-sera-pas-candidat\/","title":{"rendered":"Benflis ne sera pas candidat ?"},"content":{"rendered":"<p><br id=\"sep_para_1\" class=\"sep_para access\"\/><\/p>\n<div id=\"para_1\" class=\"para_33094598 resize\">\n<div class=\"texte access firstletter\">Bien que son parti Talai Houriet ait retir\u00e9 les formulaires de candidature, il n\u2019est pas s\u00fbr que l\u2019ancien chef du gouvernement, Ali Benflis, officialise sa candidature \u00e0 la prochaine pr\u00e9sidentielle. Selon une source bien introduite dans le parti, Benflis qui ne veut pas r\u00e9\u00e9diter ses \u00e9checs de 2004 et 2014 aurait des soup\u00e7ons sur la capacit\u00e9 de l\u2019autorit\u00e9 de Chorfi d\u2019organiser une pr\u00e9sidentielle sans le concours direct de l\u2019administration\u00a0 et des walis. Un autre souci pour Benflis : il craint l\u2019entr\u00e9e surprise en course d\u2019un candidat\u00a0 qui aurait les faveurs de l\u2019establishment. Benflis aurait confi\u00e9, ajoute la source, \u00e0 l\u2019un de ses proches que son heure est arriv\u00e9e et qu\u2019il ne laissera pas passer cette occasion. Il est \u00e0 rappeler que Benflis s\u2019est d\u00e9j\u00e0 retir\u00e9 de la course lors de la pr\u00e9sidentielle annul\u00e9e du 18 avril dernier. Il a expliqu\u00e9 ce retrait par : \u00abMa place n&rsquo;est plus dans une comp\u00e9tition \u00e9lectorale dont notre peuple (&#8230;) d\u00e9nonce avec vigueur le caract\u00e8re biais\u00e9 et fauss\u00e9. Le peuple a pris la parole et je l&rsquo;ai entendu\u00a0\u00bb.\u00a0 \u00ab\u00a0L&rsquo;\u00e9lection pr\u00e9sidentielle, dans les circonstances actuelles, n&rsquo;a ni sens ni raison d&rsquo;\u00eatre, le peuple alg\u00e9rien s&rsquo;est r\u00e9appropri\u00e9 la maitrise de son destin\u00a0\u00bb et \u00ab\u00a0n&rsquo;a pas dit son dernier mot\u00a0\u00bb, avait-il ajout\u00e9. Ancien Premier ministre d&rsquo;Abdelaziz Bouteflika entre 2000 et 2003 et ex-secr\u00e9taire g\u00e9n\u00e9ral du Front de lib\u00e9ration nationale (FLN), ancien parti unique et formation du chef de l&rsquo;\u00c9tat, Ali Benflis a rompu avec ce dernier dont il \u00e9tait l&rsquo;homme de confiance, en refusant de soutenir son deuxi\u00e8me mandat. Ali Benflis avait obtenu 6,4 % des voix en 2004 et 12,3 % en 2014, \u00e0 chaque fois en 2e position derri\u00e8re le pr\u00e9sident sortant, r\u00e9\u00e9lu au 1er tour sans discontinuer depuis 2004 avec plus de 80% des voix.<\/div>\n<\/div>\n<p>Auteur: R\u00e9flexion<br \/>\n<a href=\"https:\/\/www.reflexiondz.net\/Benflis-ne-sera-pas-candidat_a57752.html\">Cliquez ici pour lire l&rsquo;article depuis sa source.<\/a><\/p>\n","protected":false},"excerpt":{"rendered":"<p>Bien que son parti Talai Houriet ait retir\u00e9 les formulaires de candidature, il n\u2019est pas s\u00fbr que l\u2019ancien chef du gouvernement, Ali Benflis, officialise sa candidature \u00e0 la prochaine pr\u00e9sidentielle. Selon une source bien introduite dans le parti, Benflis qui ne veut pas r\u00e9\u00e9diter ses \u00e9checs de 2004 et 2014 aurait des soup\u00e7ons sur la [&hellip;]<\/p>\n","protected":false},"author":1740,"featured_media":0,"comment_status":"closed","ping_status":"closed","sticky":false,"template":"","format":"standard","meta":{"fifu_image_url":"","fifu_image_alt":"","footnotes":""},"categories":[53,76],"tags":[],"class_list":["post-61884","post","type-post","status-publish","format-standard","hentry","category-algerie","category-regions"],"_links":{"self":[{"href":"https:\/\/linitiative.ca\/International\/wp-json\/wp\/v2\/posts\/61884","targetHints":{"allow":["GET"]}}],"collection":[{"href":"https:\/\/linitiative.ca\/International\/wp-json\/wp\/v2\/posts"}],"about":[{"href":"https:\/\/linitiative.ca\/International\/wp-json\/wp\/v2\/types\/post"}],"author":[{"embeddable":true,"href":"https:\/\/linitiative.ca\/International\/wp-json\/wp\/v2\/users\/1740"}],"replies":[{"embeddable":true,"href":"https:\/\/linitiative.ca\/International\/wp-json\/wp\/v2\/comments?post=61884"}],"version-history":[{"count":0,"href":"https:\/\/linitiative.ca\/International\/wp-json\/wp\/v2\/posts\/61884\/revisions"}],"wp:attachment":[{"href":"https:\/\/linitiative.ca\/International\/wp-json\/wp\/v2\/media?parent=61884"}],"wp:term":[{"taxonomy":"category","embeddable":true,"href":"https:\/\/linitiative.ca\/International\/wp-json\/wp\/v2\/categories?post=61884"},{"taxonomy":"post_tag","embeddable":true,"href":"https:\/\/linitiative.ca\/International\/wp-json\/wp\/v2\/tags?post=61884"}],"curies":[{"name":"wp","href":"https:\/\/api.w.org\/{rel}","templated":true}]}}