{"id":61885,"date":"2019-09-21T12:17:00","date_gmt":"2019-09-21T16:17:00","guid":{"rendered":"https:\/\/linitiative.ca\/International\/alger-sayouda-procede-a-linstallation-des-walis-delegues\/"},"modified":"2019-09-21T12:17:00","modified_gmt":"2019-09-21T16:17:00","slug":"alger-sayouda-procede-a-linstallation-des-walis-delegues","status":"publish","type":"post","link":"https:\/\/linitiative.ca\/International\/alger-sayouda-procede-a-linstallation-des-walis-delegues\/","title":{"rendered":"ALGER : Sayouda  proc\u00e8de \u00e0 l&rsquo;installation des walis d\u00e9l\u00e9gu\u00e9s"},"content":{"rendered":"<p><br id=\"sep_para_1\" class=\"sep_para access\"\/><\/p>\n<div id=\"para_1\" class=\"para_33094593 resize\">\n<div class=\"texte access firstletter\">Le wali d&rsquo;Alger, Abdelkhalek Sayouda a supervis\u00e9, ce samedi \u00e0 Alger, l&rsquo;installation des nouveaux walis d\u00e9l\u00e9gu\u00e9s de nombre de circonscriptions administratives de la capitale les appelant \u00e0 ne \u00ab\u00a0m\u00e9nager aucun effort pour servir le citoyen et r\u00e9aliser les objectifs trac\u00e9s en mati\u00e8re de d\u00e9veloppement local\u00a0\u00bb. S&rsquo;exprimant lors de la c\u00e9r\u00e9monie d&rsquo;installation des walis d\u00e9l\u00e9gu\u00e9s des circonscriptions administratives de Draria, Baraki, Hussein Dey, Sidi M&rsquo;hamed, Ch\u00e9raga, Z\u00e9ralda et Sidi Abdellah, le wali d&rsquo;Alger a indiqu\u00e9 que les changements survenus au niveau de ces postes interviennent dans le cadre de la politique de l&rsquo;Etat visant \u00e0 consacrer le principe de la continuit\u00e9 du d\u00e9veloppement du service public et confier les responsabilit\u00e9s \u00e0 toute personne en mesure de poursuivre le travail jusque-l\u00e0 accompli et r\u00e9aliser les objectifs trac\u00e9s. Il a appel\u00e9, dans le m\u00eame cadre, les nouveaux walis d\u00e9l\u00e9gu\u00e9s \u00e0 \u00eatre \u00e0 la hauteur des responsabilit\u00e9s et ne m\u00e9nager aucun effort pour servir le citoyen, tout en veillant \u00e0 assurer une pr\u00e9sence sur le terrain. S&rsquo;adressant aux anciens walis d\u00e9l\u00e9gu\u00e9s, M. Sayouda a tenu, lors d&rsquo;une c\u00e9r\u00e9monie organis\u00e9e en leur honneur,\u00a0 \u00e0 leur exprimer sa gratitude pour les efforts consentis.\u00a0\u00a0\u00a0\u00a0\u00a0\u00a0\u00a0<\/div>\n<\/div>\n<p>Auteur: Ismain<br \/>\n<a href=\"https:\/\/www.reflexiondz.net\/ALGER-Sayouda-procede-a-l-installation-des-walis-delegues_a57751.html\">Cliquez ici pour lire l&rsquo;article depuis sa source.<\/a><\/p>\n","protected":false},"excerpt":{"rendered":"<p>Le wali d&rsquo;Alger, Abdelkhalek Sayouda a supervis\u00e9, ce samedi \u00e0 Alger, l&rsquo;installation des nouveaux walis d\u00e9l\u00e9gu\u00e9s de nombre de circonscriptions administratives de la capitale les appelant \u00e0 ne \u00ab\u00a0m\u00e9nager aucun effort pour servir le citoyen et r\u00e9aliser les objectifs trac\u00e9s en mati\u00e8re de d\u00e9veloppement local\u00a0\u00bb. S&rsquo;exprimant lors de la c\u00e9r\u00e9monie d&rsquo;installation des walis d\u00e9l\u00e9gu\u00e9s des [&hellip;]<\/p>\n","protected":false},"author":1740,"featured_media":0,"comment_status":"closed","ping_status":"closed","sticky":false,"template":"","format":"standard","meta":{"fifu_image_url":"","fifu_image_alt":"","footnotes":""},"categories":[53,76],"tags":[],"class_list":["post-61885","post","type-post","status-publish","format-standard","hentry","category-algerie","category-regions"],"_links":{"self":[{"href":"https:\/\/linitiative.ca\/International\/wp-json\/wp\/v2\/posts\/61885","targetHints":{"allow":["GET"]}}],"collection":[{"href":"https:\/\/linitiative.ca\/International\/wp-json\/wp\/v2\/posts"}],"about":[{"href":"https:\/\/linitiative.ca\/International\/wp-json\/wp\/v2\/types\/post"}],"author":[{"embeddable":true,"href":"https:\/\/linitiative.ca\/International\/wp-json\/wp\/v2\/users\/1740"}],"replies":[{"embeddable":true,"href":"https:\/\/linitiative.ca\/International\/wp-json\/wp\/v2\/comments?post=61885"}],"version-history":[{"count":0,"href":"https:\/\/linitiative.ca\/International\/wp-json\/wp\/v2\/posts\/61885\/revisions"}],"wp:attachment":[{"href":"https:\/\/linitiative.ca\/International\/wp-json\/wp\/v2\/media?parent=61885"}],"wp:term":[{"taxonomy":"category","embeddable":true,"href":"https:\/\/linitiative.ca\/International\/wp-json\/wp\/v2\/categories?post=61885"},{"taxonomy":"post_tag","embeddable":true,"href":"https:\/\/linitiative.ca\/International\/wp-json\/wp\/v2\/tags?post=61885"}],"curies":[{"name":"wp","href":"https:\/\/api.w.org\/{rel}","templated":true}]}}