{"id":61887,"date":"2019-09-21T12:17:00","date_gmt":"2019-09-21T16:17:00","guid":{"rendered":"https:\/\/linitiative.ca\/International\/presidentielle-abdelaziz-belaid-retire-les-formulaires-de-candidature\/"},"modified":"2019-09-21T12:17:00","modified_gmt":"2019-09-21T16:17:00","slug":"presidentielle-abdelaziz-belaid-retire-les-formulaires-de-candidature","status":"publish","type":"post","link":"https:\/\/linitiative.ca\/International\/presidentielle-abdelaziz-belaid-retire-les-formulaires-de-candidature\/","title":{"rendered":"PRESIDENTIELLE : Abdelaziz Bela\u00efd retire les formulaires de candidature"},"content":{"rendered":"<p><br id=\"sep_para_1\" class=\"sep_para access\"\/><\/p>\n<div id=\"para_1\" class=\"para_33094584 resize\">\n<div class=\"texte access firstletter\">Le Secr\u00e9taire g\u00e9n\u00e9ral du Front El-Moustaqbal, Abdelaziz Bela\u00efd, fait part de son intention de se porter candidat \u00e0 la prochaine \u00e9lection pr\u00e9sidentielle du 12 d\u00e9cembre en retirant hier, les formulaires de signatures individuelles. En effet, ce samedi matin, des d\u00e9l\u00e9gu\u00e9s du parti d\u2019Abdelaziz Bela\u00efd se sont pr\u00e9sent\u00e9s au si\u00e8ge de l\u2019Autorit\u00e9 nationale ind\u00e9pendante des \u00e9lections \u00e0 Club des Pins pour y retirer les formulaires de candidature \u00e0 l\u2019\u00e9lection pr\u00e9sidentielle fix\u00e9e au 12 d\u00e9cembre 2019. M. Bela\u00efd est ainsi le 15e postulant \u00e0 retirer les formulaires de candidature apr\u00e8s, entre autres, Ali Benflis, pr\u00e9sident de Talaie El-Hourriyet, et Abdelkader Bengrina, Pr\u00e9sident du Mouvement El-Bina.\u00a0\u00a0\u00a0<\/div>\n<\/div>\n<p>Auteur: Nadine<br \/>\n<a href=\"https:\/\/www.reflexiondz.net\/PRESIDENTIELLE-Abdelaziz-Belaid-retire-les-formulaires-de-candidature_a57749.html\">Cliquez ici pour lire l&rsquo;article depuis sa source.<\/a><\/p>\n","protected":false},"excerpt":{"rendered":"<p>Le Secr\u00e9taire g\u00e9n\u00e9ral du Front El-Moustaqbal, Abdelaziz Bela\u00efd, fait part de son intention de se porter candidat \u00e0 la prochaine \u00e9lection pr\u00e9sidentielle du 12 d\u00e9cembre en retirant hier, les formulaires de signatures individuelles. En effet, ce samedi matin, des d\u00e9l\u00e9gu\u00e9s du parti d\u2019Abdelaziz Bela\u00efd se sont pr\u00e9sent\u00e9s au si\u00e8ge de l\u2019Autorit\u00e9 nationale ind\u00e9pendante des \u00e9lections [&hellip;]<\/p>\n","protected":false},"author":1740,"featured_media":0,"comment_status":"closed","ping_status":"closed","sticky":false,"template":"","format":"standard","meta":{"fifu_image_url":"","fifu_image_alt":"","footnotes":""},"categories":[53,76],"tags":[],"class_list":["post-61887","post","type-post","status-publish","format-standard","hentry","category-algerie","category-regions"],"_links":{"self":[{"href":"https:\/\/linitiative.ca\/International\/wp-json\/wp\/v2\/posts\/61887","targetHints":{"allow":["GET"]}}],"collection":[{"href":"https:\/\/linitiative.ca\/International\/wp-json\/wp\/v2\/posts"}],"about":[{"href":"https:\/\/linitiative.ca\/International\/wp-json\/wp\/v2\/types\/post"}],"author":[{"embeddable":true,"href":"https:\/\/linitiative.ca\/International\/wp-json\/wp\/v2\/users\/1740"}],"replies":[{"embeddable":true,"href":"https:\/\/linitiative.ca\/International\/wp-json\/wp\/v2\/comments?post=61887"}],"version-history":[{"count":0,"href":"https:\/\/linitiative.ca\/International\/wp-json\/wp\/v2\/posts\/61887\/revisions"}],"wp:attachment":[{"href":"https:\/\/linitiative.ca\/International\/wp-json\/wp\/v2\/media?parent=61887"}],"wp:term":[{"taxonomy":"category","embeddable":true,"href":"https:\/\/linitiative.ca\/International\/wp-json\/wp\/v2\/categories?post=61887"},{"taxonomy":"post_tag","embeddable":true,"href":"https:\/\/linitiative.ca\/International\/wp-json\/wp\/v2\/tags?post=61887"}],"curies":[{"name":"wp","href":"https:\/\/api.w.org\/{rel}","templated":true}]}}