{"id":61888,"date":"2019-09-21T13:30:00","date_gmt":"2019-09-21T17:30:00","guid":{"rendered":"https:\/\/linitiative.ca\/International\/onm-la-presidentielle-cle-de-sortie-de-la-crise-politique\/"},"modified":"2019-09-21T13:30:00","modified_gmt":"2019-09-21T17:30:00","slug":"onm-la-presidentielle-cle-de-sortie-de-la-crise-politique","status":"publish","type":"post","link":"https:\/\/linitiative.ca\/International\/onm-la-presidentielle-cle-de-sortie-de-la-crise-politique\/","title":{"rendered":"ONM : La pr\u00e9sidentielle, cl\u00e9 de sortie de la crise politique"},"content":{"rendered":"<p>Pour le SG par int\u00e9rim de l\u2019Organisation nationale des moudjahidine, Mohand Ouamar Benelhadj, la cl\u00e9 de sortie de la crise politique actuelle r\u00e9side dans l\u2019\u00ab\u00a0organisation de l\u2019\u00e9lection pr\u00e9sidentielle.<\/p>\n<p>\u00ab\u00a0L\u2019origine de la crise c\u2019est les \u00e9lections et la solution viendra aussi avec l\u2019organisation des \u00e9lections pr\u00e9sidentielles. Nous l\u2019avons dit maintes fois dans nos communiqu\u00e9s, dans lesquels nous avons appel\u00e9 \u00e0 organiser les \u00e9lections et \u00e0 installer une commission \u00e9lectorale ind\u00e9pendante loin de toute autorit\u00e9 du minist\u00e8re de l\u2019Int\u00e9rieur\u00a0\u00bb, dit-il, regrettant que personne n\u2019ait pris attache avec l\u2019ONM, qui soutient \u00ab\u00a0malgr\u00e9 tout la voie \u00e9lectorale\u00a0\u00bb.<\/p>\n<p>Critiquant la position du gouvernement face aux revendications du hirak, il pense qu\u2019 \u00ab\u00a0il est inacceptable d\u2019ignorer les cris de millions d\u2019Alg\u00e9riens qui manifestent dans la rue.\u00a0\u00bb<\/p>\n<p>Il a m\u00eame relev\u00e9, face au rejet des \u00e9lections du 12 d\u00e9cembre, que \u00ab\u00a0je ne vois pas l\u2019abstention comme une attitude n\u00e9gative. Je propose que le hirak se mette d\u2019accord sur un seul candidat choisi parmi ses repr\u00e9sentants\u00a0\u00bb.<\/p>\n<p>Pour lui, \u00ab\u00a0il faut que tous les Alg\u00e9riens fassent des concessions, car nous sommes persuad\u00e9s que personne ne d\u00e9tient toute la v\u00e9rit\u00e9 ni la force absolue. Certains de ceux qui, avec leurs enfants, vidaient les caisses de l\u2019\u00c9tat sont aujourd\u2019hui en prison, ce qui signifie que les choses vont changer et ne resteront pas en l\u2019\u00e9tat.\u00a0\u00bb<\/p>\n<p>Quant au mesures d\u2019apaisement demand\u00e9es par le panel de dialogue national, il a soulign\u00e9 que \u00ab\u00a0nous avons insist\u00e9 sur la lib\u00e9ration des d\u00e9tenus d\u2019opinion. Ces arrestations n\u2019ont pas lieu d\u2019\u00eatre dans la conjoncture actuelle, m\u00eame pour ceux qui font des d\u00e9clarations d\u00e9plac\u00e9es. La conjoncture est sensible et appelle l\u2019apaisement\u00a0\u00bb.<\/p>\n<p>\u00ab\u00a0Nous insistons sur les concessions de part et d\u2019autre et sur l\u2019apaisement du climat, comme nous r\u00e9it\u00e9rons que nous sommes contre l\u2019emprisonnement des jeunes du hirak\u00a0\u00bb, insiste le SG de l\u2019ONM, qui regrette que l\u2019avis de son organisation ne soit pas pris en compte par les autorit\u00e9s, notamment dans la lib\u00e9ration du moudjahid Lakhdar Bouregaa.<\/p>\n<p>\u00ab\u00a0Nous avons demand\u00e9 \u00e0 plusieurs reprises la lib\u00e9ration du moudjahid Lakhdar Bourega\u00e2, que ce soit dans nos communiqu\u00e9s ou \u00e0 travers des interm\u00e9diaires, mais il n\u2019y a pour l\u2019heure rien de nouveau\u00a0\u00bb, a-t-il indiqu\u00e9, avant de rappeler, sur la revendication de la rue, que \u00ab\u00a0nous avons demand\u00e9 le d\u00e9part du gouvernement qui a \u00e9t\u00e9 d\u00e9sign\u00e9 par l\u2019ancien pr\u00e9sident, mais rien n\u2019a chang\u00e9.\u00a0\u00bb \u00ab\u00a0L\u2019actuel ministre Tayeb Zitouni est absent depuis des mois et nous n\u2019avons aucune nouvelle de lui.\u00a0\u00bb<\/p>\n<p>Le SG de l\u2019ONM a indiqu\u00e9 par ailleurs, sur son appel \u00e0 la dissolution du FLN, que \u00ab\u00a0nous avons demand\u00e9 au minist\u00e8re de l\u2019Int\u00e9rieur d\u2019interdire, en vertu de la loi de 2012, l\u2019utilisation du sigle FLN pour des int\u00e9r\u00eats \u00e9troits\u00a0\u00bb.<\/p>\n<p>\u00ab\u00a0La loi interdit l\u2019exploitation du sigle FLN pour servir les int\u00e9r\u00eats d\u2019individus qui sont all\u00e9s jusqu\u2019\u00e0 coller le nom du FLN \u00e0 la \u00ab\u00a0chkara\u00a0\u00bb pour faire passer ce qu\u2019ils veulent et quand ils veulent, au nom de la l\u00e9gitimit\u00e9 historique du parti\u00a0\u00bb, a-t-il dit.<\/p>\n<p>Auteur: Boudjedri<br \/>\n<a href=\"http:\/\/www.jeune-independant.net\/ONM-La-presidentielle-cle-de.html\">Cliquez ici pour lire l&rsquo;article depuis sa source.<\/a><\/p>\n","protected":false},"excerpt":{"rendered":"<p>Pour le SG par int\u00e9rim de l\u2019Organisation nationale des moudjahidine, Mohand Ouamar Benelhadj, la cl\u00e9 de sortie de la crise politique actuelle r\u00e9side dans l\u2019\u00ab\u00a0organisation de l\u2019\u00e9lection pr\u00e9sidentielle. \u00ab\u00a0L\u2019origine de la crise c\u2019est les \u00e9lections et la solution viendra aussi avec l\u2019organisation des \u00e9lections pr\u00e9sidentielles. Nous l\u2019avons dit maintes fois dans nos communiqu\u00e9s, dans lesquels [&hellip;]<\/p>\n","protected":false},"author":1737,"featured_media":0,"comment_status":"closed","ping_status":"closed","sticky":false,"template":"","format":"standard","meta":{"fifu_image_url":"","fifu_image_alt":"","footnotes":""},"categories":[73,53],"tags":[],"class_list":["post-61888","post","type-post","status-publish","format-standard","hentry","category-actualite","category-algerie"],"_links":{"self":[{"href":"https:\/\/linitiative.ca\/International\/wp-json\/wp\/v2\/posts\/61888","targetHints":{"allow":["GET"]}}],"collection":[{"href":"https:\/\/linitiative.ca\/International\/wp-json\/wp\/v2\/posts"}],"about":[{"href":"https:\/\/linitiative.ca\/International\/wp-json\/wp\/v2\/types\/post"}],"author":[{"embeddable":true,"href":"https:\/\/linitiative.ca\/International\/wp-json\/wp\/v2\/users\/1737"}],"replies":[{"embeddable":true,"href":"https:\/\/linitiative.ca\/International\/wp-json\/wp\/v2\/comments?post=61888"}],"version-history":[{"count":0,"href":"https:\/\/linitiative.ca\/International\/wp-json\/wp\/v2\/posts\/61888\/revisions"}],"wp:attachment":[{"href":"https:\/\/linitiative.ca\/International\/wp-json\/wp\/v2\/media?parent=61888"}],"wp:term":[{"taxonomy":"category","embeddable":true,"href":"https:\/\/linitiative.ca\/International\/wp-json\/wp\/v2\/categories?post=61888"},{"taxonomy":"post_tag","embeddable":true,"href":"https:\/\/linitiative.ca\/International\/wp-json\/wp\/v2\/tags?post=61888"}],"curies":[{"name":"wp","href":"https:\/\/api.w.org\/{rel}","templated":true}]}}