{"id":61890,"date":"2019-09-21T04:30:00","date_gmt":"2019-09-21T08:30:00","guid":{"rendered":"https:\/\/linitiative.ca\/International\/me-brahim-bouderbala-le-batonnier-de-la-ligne-professionnelle-independante\/"},"modified":"2019-09-21T04:30:00","modified_gmt":"2019-09-21T08:30:00","slug":"me-brahim-bouderbala-le-batonnier-de-la-ligne-professionnelle-independante","status":"publish","type":"post","link":"https:\/\/linitiative.ca\/International\/me-brahim-bouderbala-le-batonnier-de-la-ligne-professionnelle-independante\/","title":{"rendered":"Me Brahim Bouderbala: Le b\u00e2tonnier de la ligne professionnelle ind\u00e9pendante"},"content":{"rendered":"<p><span class=\"c2\">La huiti\u00e8me fois fut la bonne. A l\u2019aube de ce dimanche 7 juillet 2019, Me Brahim Bouderbala, qui bouclera ses 67 ans ce 7 ao\u00fbt (natif de 1952), aura relev\u00e9 le d\u00e9fi qu\u2019il s\u2019\u00e9tait impos\u00e9 depuis 21 ans et sept candidatures successives, en vain: il est \u00e9lu b\u00e2tonnier des avocats de Tunisie pour la p\u00e9riode triennale 2019-2022. Avec 71 voix seulement de diff\u00e9rence, il l\u2019a emport\u00e9 au second tour contre son comp\u00e9titeur de longues ann\u00e9es d\u00e9j\u00e0, Me Boubaker Ben Thabet, par 1 281 suffrages contre 1 210.<\/span>Sa victoire est celle d\u2019une ligne professionnelle ind\u00e9pendante, \u00e0 laquelle il s\u2019est toujours attach\u00e9, refusant tout engagement politique, tout alignement partisan. \u00abLa profession conna\u00eet suffisamment\u00a0 de probl\u00e8mes pour s\u2019engager dans des tiraillements politiques\u00bb, confie-t-il \u00e0 Leaders, au lendemain de son \u00e9lection. \u00abAttention particuli\u00e8re \u00e0 la situation des confr\u00e8res, notamment les d\u00e9butants, concertation positive avec l\u2019administration fiscale et renforcement de la formation avec un encouragement particulier de la sp\u00e9cialisation: ce sont les trois axes principaux que je me fixe au cours de mon mandat\u00bb, poursuit-il.<\/p>\n<p>Tout un programme auquel il doit s\u2019atteler avec les 14 autres membres \u00e9lus du Conseil de l\u2019ordre national des avocats de Tunisie et les pr\u00e9sidents des sections r\u00e9gionales. Sans compter la gestion du quotidien, les prises de position sur de grandes questions d\u2019int\u00e9r\u00eat national, les relations avec la magistrature et les pouvoirs publics, la discipline, la r\u00e9solution des conflits&#8230; Comme le veut la tradition d\u00e9sormais ancr\u00e9e, le b\u00e2tonnier doit quitter son cabinet pour s\u2019installer \u00e0 plein temps au si\u00e8ge de l\u2019Ordre, recevant une (modeste) indemnit\u00e9 mensuelle, en compensation de ses honoraires d\u00e9sormais perdus. Ce n\u2019est donc pas sans \u00e9motion que le b\u00e2tonnier laissera son cabinet, rue de Hollande, en plein centre-ville, pour \u00e9lire si\u00e8ge \u00e0 Beb Bnet, o\u00f9 se trouvent le Palais de Justice et le minist\u00e8re\u2026Il restera cependant non loin de son quartier natal, Beb El Fella. Retour sur un parcours marqu\u00e9 par l\u2019engagement, la pers\u00e9v\u00e9rance et l\u2019abn\u00e9gation.<\/p>\n<p class=\"c3\"><img loading=\"lazy\" decoding=\"async\" src=\"\/uploads\/FCK_files\/1(63).jpg\" width=\"700\" vspace=\"5\" hspace=\"5\" height=\"371\" align=\"middle\" alt=\"\"\/><\/p>\n<h2>Comment devient-on b\u00e2tonnier?<\/h2>\n<p>Des oasis d\u2019El Hamma, \u00e0 50 km de Gab\u00e8s, dont sa famille est originaire, Me Bouderbala a h\u00e9rit\u00e9 des valeurs grav\u00e9es dans l\u2019\u00e2me, des images rest\u00e9es toujours en t\u00eate: patriotisme, droiture, sens de la parole donn\u00e9e, souvenirs de palmiers dattiers et de modestes cultivateurs s\u2019\u00e9chinant \u00e0 produire des l\u00e9gumes\u2026Son p\u00e8re, comme la plupart des hommes de sa g\u00e9n\u00e9ration, montera \u00e0 Tunis \u00e0 la recherche d\u2019un emploi. Il installera sa famille, forte de 7 enfants, \u00e0 Beb El Fellah, dans les proches faubourgs de la capitale. Brahim est le benjamin de la fratrie.<\/p>\n<p class=\"c3\"><img loading=\"lazy\" decoding=\"async\" src=\"\/uploads\/FCK_files\/2(60).jpg\" width=\"700\" vspace=\"5\" hspace=\"5\" height=\"505\" align=\"middle\" alt=\"\"\/><\/p>\n<p>La n\u00e9cessit\u00e9 de se loger pr\u00e8s du lieu de travail poussera le p\u00e8re \u00e0 d\u00e9m\u00e9nager \u00e0 Chouchet Rad\u00e8s, \u00e0 l\u2019entr\u00e9e sud de Tunis, alors peu habit\u00e9e et ne comptant que quelques fermes d\u2019Italiens et de Fran\u00e7ais. Le petit Brahim fr\u00e9quentera l\u2019\u00e9cole du coin, avant d\u2019\u00eatre inscrit \u00e0 celle de M\u00e9grine. Admis \u00e0 l\u2019enseignement secondaire, il ira au Lyc\u00e9e Ibn Charaf, non loin du Palais de Justice. Bac en poche en 1972, une ann\u00e9e tr\u00e8s agit\u00e9e en manifestations lyc\u00e9ennes et estudiantines, il choisira de faire droit et se retrouvera d\u00e8s la rent\u00e9e au Campus d\u2019El Manar en pleine \u00e9bullition. Laboratoire d\u2019id\u00e9es progressistes, couvoir de l\u2019islam politique, champ de bataille entre les factions de tous bords, c\u2019\u00e9tait le lieu par excellence d\u2019apprentissage, en plus du droit, de l\u2019\u00e9conomie, des sciences ou de l\u2019ing\u00e9nierie (Enit), de l\u2019action syndicale et politique. La plupart des grands acteurs du paysage politique actuel y avaient fait leurs premi\u00e8res armes \u00e0 cette \u00e9poque, et men\u00e9 leurs gestes, parfois violente. De Hamma Hammami d\u00e9j\u00e0 avec Radhia Nasraoui \u00e0 Cheik Mourou, Hassen Ghodhbane, Mohsen Marzouk, Lazhar Akremi, Abid Briki, Abdelkerim Harouni, Abdelwaheb El B\u00e9hi, et autres Noureddine Behiri, sans oublier les destouriens\u2026<\/p>\n<p class=\"c3\"><img loading=\"lazy\" decoding=\"async\" src=\"\/uploads\/FCK_files\/3(40).jpg\" width=\"700\" vspace=\"5\" hspace=\"5\" height=\"392\" align=\"middle\" alt=\"\"\/><\/p>\n<p>Studieux, Brahim Bouderbala ne tardera pas \u00e0 d\u00e9crocher en 1976 sa licence en droit et son certificat d\u2019aptitude \u00e0 la profession d\u2019avocat (CAPA) et il ne lui restait plus qu\u2019\u00e0 trouver un stage au cabinet d\u2019un confr\u00e8re affirm\u00e9. Sa bonne \u00e9toile le mettra sur la piste de Me Sadok Marzouk, avocat pr\u00e8s la Cour de cassation. Tout en mettant le pied \u00e0 l\u2019\u00e9trier, il rejoindra en 1979 l\u2019association des jeunes avocats de Tunisie, la p\u00e9pini\u00e8re des futurs t\u00e9nors de l\u2019Ordre, en sera \u00e9lu secr\u00e9taire g\u00e9n\u00e9ral, puis pr\u00e9sident en 1983. D\u00e8s 1987, il fera partie du Conseil de l\u2019ordre des avocats (r\u00e9\u00e9lu en 1989). Avec la nouvelle loi de 1989, portant nouvelle organisation de l\u2019Ordre et la cr\u00e9ation de sections r\u00e9gionales, il sera \u00e9lu en 1992 \u00e0 la t\u00eate de la section de Tunis, la plus importante.<\/p>\n<p class=\"c3\"><img loading=\"lazy\" decoding=\"async\" src=\"\/uploads\/FCK_files\/4(27).jpg\" width=\"700\" vspace=\"5\" hspace=\"5\" height=\"721\" align=\"middle\" alt=\"\"\/><\/p>\n<p>Ma\u00eetre Sadok Marzouk, son premier mentor, est une grande figure du barreau et de la gauche. C\u2019est un bon juriste, tr\u00e8s respect\u00e9 de chaque c\u00f4t\u00e9 du pr\u00e9toire et appr\u00e9ci\u00e9 par ses clients. Mais aussi un grand militant de la gauche tunisienne d\u00e8s la d\u00e9cennie 1960 -1970, il avait subi les affres des arrestations violentes, des interrogatoires muscl\u00e9s sous la torture, de la prison et des interdictions de voyage\u2026 Ce n\u2019est pas par hasard qu\u2019il avait choisi comme sujet \u00abLes luttes pour la succession de Bourguiba\u00bb\u2026 pour un m\u00e9moire de DES de sciences politiques soutenu \u00e0 l\u2019universit\u00e9 de Paris I Panth\u00e9on-Sorbonne (Centre de Tunis) en 1972 (publi\u00e9 aux \u00e9ditions Script, en 2016).<\/p>\n<p>Sollicit\u00e9 par Leaders, Me Marzouk nous r\u00e9v\u00e8le une facette peu connue de son jeune stagiaire devenu b\u00e2tonnier. Me Bouderbala n\u2019est pas l\u2019unique jeune confr\u00e8re issu du cabinet, hiss\u00e9 \u00e0 la t\u00eate de l\u2019Ordre. Me Abdessettar Ben Moussa l\u2019avait pr\u00e9c\u00e9d\u00e9.<\/p>\n<p class=\"c3\"><strong><a href=\"https:\/\/www.leaders.com.tn\/le_mensuel_abonnez_vous\"><img loading=\"lazy\" decoding=\"async\" src=\"\/uploads\/FCK_files\/Bandeau-Leaders-1-copie(21).jpg\" alt=\"\" width=\"500\" vspace=\"5\" hspace=\"5\" height=\"128\" align=\"middle\"\/><\/a><\/strong><\/p>\n<p>Auteur:<br \/>\n<a href=\"https:\/\/www.leaders.com.tn\/article\/28016-me-brahim-bouderbala-le-batonnier-de-la-ligne-professionnelle-independante\">Cliquez ici pour lire l&rsquo;article depuis sa source.<\/a><\/p>\n","protected":false},"excerpt":{"rendered":"<p>La huiti\u00e8me fois fut la bonne. A l\u2019aube de ce dimanche 7 juillet 2019, Me Brahim Bouderbala, qui bouclera ses 67 ans ce 7 ao\u00fbt (natif de 1952), aura relev\u00e9 le d\u00e9fi qu\u2019il s\u2019\u00e9tait impos\u00e9 depuis 21 ans et sept candidatures successives, en vain: il est \u00e9lu b\u00e2tonnier des avocats de Tunisie pour la p\u00e9riode [&hellip;]<\/p>\n","protected":false},"author":1772,"featured_media":61891,"comment_status":"closed","ping_status":"closed","sticky":false,"template":"","format":"standard","meta":{"fifu_image_url":"","fifu_image_alt":"","footnotes":""},"categories":[73,55],"tags":[],"class_list":["post-61890","post","type-post","status-publish","format-standard","has-post-thumbnail","hentry","category-actualite","category-tunisie"],"_links":{"self":[{"href":"https:\/\/linitiative.ca\/International\/wp-json\/wp\/v2\/posts\/61890","targetHints":{"allow":["GET"]}}],"collection":[{"href":"https:\/\/linitiative.ca\/International\/wp-json\/wp\/v2\/posts"}],"about":[{"href":"https:\/\/linitiative.ca\/International\/wp-json\/wp\/v2\/types\/post"}],"author":[{"embeddable":true,"href":"https:\/\/linitiative.ca\/International\/wp-json\/wp\/v2\/users\/1772"}],"replies":[{"embeddable":true,"href":"https:\/\/linitiative.ca\/International\/wp-json\/wp\/v2\/comments?post=61890"}],"version-history":[{"count":0,"href":"https:\/\/linitiative.ca\/International\/wp-json\/wp\/v2\/posts\/61890\/revisions"}],"wp:featuredmedia":[{"embeddable":true,"href":"https:\/\/linitiative.ca\/International\/wp-json\/"}],"wp:attachment":[{"href":"https:\/\/linitiative.ca\/International\/wp-json\/wp\/v2\/media?parent=61890"}],"wp:term":[{"taxonomy":"category","embeddable":true,"href":"https:\/\/linitiative.ca\/International\/wp-json\/wp\/v2\/categories?post=61890"},{"taxonomy":"post_tag","embeddable":true,"href":"https:\/\/linitiative.ca\/International\/wp-json\/wp\/v2\/tags?post=61890"}],"curies":[{"name":"wp","href":"https:\/\/api.w.org\/{rel}","templated":true}]}}