{"id":61892,"date":"2019-09-21T06:30:00","date_gmt":"2019-09-21T10:30:00","guid":{"rendered":"https:\/\/linitiative.ca\/International\/abdessalem-kallel-tunisie-pour-que-la-nouvelle-assemblee-et-le-prochain-gouvernement-gouvernent-au-centre-et-par-le-centre\/"},"modified":"2019-09-21T06:30:00","modified_gmt":"2019-09-21T10:30:00","slug":"abdessalem-kallel-tunisie-pour-que-la-nouvelle-assemblee-et-le-prochain-gouvernement-gouvernent-au-centre-et-par-le-centre","status":"publish","type":"post","link":"https:\/\/linitiative.ca\/International\/abdessalem-kallel-tunisie-pour-que-la-nouvelle-assemblee-et-le-prochain-gouvernement-gouvernent-au-centre-et-par-le-centre\/","title":{"rendered":"Abdessalem Kallel &#8211; Tunisie : Pour que la nouvelle assembl\u00e9e et le prochain gouvernement, gouvernent au centre et par le centre"},"content":{"rendered":"<p>Le 15 septembre 2019 nous avons v\u00e9cu en Tunisie la deuxi\u00e8me r\u00e9volution apr\u00e8s celle du 14 janvier 2011. Cette deuxi\u00e8me r\u00e9volution \u00e9tait in\u00e9luctable et pr\u00e9visible, nous l\u2019avions vue venir. Depuis 2011, nous n\u2019avions eu de cesse, dans nos diff\u00e9rentes lettres ouvertes parues dans la presse, que de rappeler \u00e0 nos gouvernants de tout mettre en \u0153uvre pour faire r\u00e9ussir la transition d\u00e9mocratique de la r\u00e9volution que nous a offert notre jeunesse, qui a inspir\u00e9 les peuples arabes, et qui a \u00e9t\u00e9 acclam\u00e9e dans tous les pays du monde.<\/p>\n<p><span class=\"c2\"><strong>La chance de la Tunisie aujourd\u2019hui est que cette seconde r\u00e9volution a \u00e9t\u00e9 faite par les urnes,<\/strong><\/span> ce qui d\u00e9note de la maturit\u00e9 de notre peuple.<\/p>\n<p>C\u2019est par les urnes que les laiss\u00e9s pour compte et les sans-emplois ont pris leur revanche. Le vote sanction du 15 septembre a balay\u00e9 la classe politique dans son ensemble. C\u2019est le choc! Esp\u00e9rons qu\u2019il soit salvateur.<\/p>\n<p>En effet, nous nous cessons de nous inqui\u00e9ter de la situation g\u00e9n\u00e9rale dans le pays que nous avions d\u00e9j\u00e0 \u00e9voqu\u00e9 dans un premier article paru dans Leaders le 8 juillet 2011 \u00e0 savoir :<\/p>\n<p class=\"c3\"><em>\u00ab \u2026En effet, il va sans dire que la situation g\u00e9n\u00e9rale dans le pays se d\u00e9grade d&rsquo;un jour \u00e0 l&rsquo;autre depuis le 14 Janvier 2011. La p\u00e9riode des deux premiers gouvernements provisoires n&rsquo;a pas \u00e9t\u00e9 concluante. Avec l&rsquo;actuel gouvernement, les reformes tra\u00eenent dans le temps, l&rsquo;\u00e9conomie r\u00e9gresse, la justice pi\u00e9tine, les conditions de s\u00e9curit\u00e9 et de stabilit\u00e9 ne s&rsquo;am\u00e9liorent pas suffisamment. Les sit-in, les gr\u00e8ves, les fermetures d&rsquo;usines ont touch\u00e9 tous les secteurs de l\u2019activit\u00e9 \u00e9conomique. Tous les indicateurs de l&rsquo;\u00e9conomie sont au plus bas, ajout\u00e9 a cela, l&rsquo;indiff\u00e9rence des partis et de la soci\u00e9t\u00e9 civile. Comment ne pas s&rsquo;inqui\u00e9ter devant une telle situation \u00bb\u2026. \u00ab L&rsquo;impression est que la r\u00e9volution men\u00e9e par les sans ressources en qu\u00eate d&#8217;emploi et de dignit\u00e9, semble b\u00e9n\u00e9ficier, pour le moment, \u00e0 ceux qui ont du travail et qui sont \u00e0 l&rsquo;abri du besoin. Ce qui cr\u00e9e un sentiment de frustration et d&rsquo;impatience chez tout le monde, et plus particuli\u00e8rement chez les jeunes. Par ailleurs, cette jeunesse demeure encore absente du paysage politique. Pourquoi ne fait-on pas appel \u00e0 ses repr\u00e9sentants et ses comp\u00e9tences ? L&rsquo;implication de ces jeunes de la r\u00e9volution au sein du gouvernement provisoire devrait contribuer \u00e0 une meilleure communication avec le peuple, tout en \u00e9tant un garant des acquis de cette r\u00e9volution\u2026 \u00bb.<\/em><\/p>\n<p class=\"c3\"><em>\u00ab De m\u00eame, les organisations nationales, et particuli\u00e8rement l&rsquo;UGTT, doivent davantage assumer leurs responsabilit\u00e9s d\u2019encadrement et d\u2019orientation afin que les revendications sociales puissent \u00eatre exerc\u00e9es dans un cadre l\u00e9gal et responsable. La r\u00e9volution de la dignit\u00e9 ne peut supporter les revendications faites par ceux, qui \u00e0 l\u2019abri du besoin, se permettent, aujourd\u2019hui, de gripper les rouages de l\u2019\u00e9conomie.Il est temps que tout le monde se mette au travail &#8230;\u00bb.<\/em><\/p>\n<p><span class=\"c2\"><strong>Nous appelons les partis politiques de la famille d\u00e9mocratique \u00e0 se ressaisir,<\/strong><\/span> \u00e0 tirer les enseignements de ce vote pour s\u2019unir et se mobiliser pour remporter les l\u00e9gislatives afin d\u2019assurer une majorit\u00e9 capable de gouverner.<\/p>\n<p><span class=\"c2\"><strong>La nouvelle assembl\u00e9e, ainsi que le prochain gouvernement doivent pouvoir gouverner au centre et par le centre<\/strong><\/span> pour faire face aux urgences et aux aspirations de la jeunesse et entamer sans tarder les grandes r\u00e9formes.<\/p>\n<p>Ces r\u00e9formes que feu le Pr\u00e9sident de la R\u00e9publique Ca\u00efed Essebsi n\u2019avait pu r\u00e9aliser au cours de son mandat sont n\u00e9cessaires et urgentes.\u00a0Elles n\u00e9cessitent des sacrifices et des concessions justes et \u00e9quitables de la part de toutes les cat\u00e9gories sociales, y compris les responsables politiques, les organisations nationales et la soci\u00e9t\u00e9 civile afin de tirer le pays du gouffre, le redresser et le mettre sur la voie du salut et du d\u00e9veloppement<br \/><strong><br \/>Me Abdessalem Kallel,<\/strong><br \/><em>Militant de la g\u00e9n\u00e9ration de l\u2019ind\u00e9pendance<\/em><\/p>\n<p>Auteur:<br \/>\n<a href=\"https:\/\/www.leaders.com.tn\/article\/28028-abdessalem-kallel-tunisie-pour-que-nouvelle-assemblee-le-prochain-gouvernement-gouvernent-au-centre-et-par-le-centre\">Cliquez ici pour lire l&rsquo;article depuis sa source.<\/a><\/p>\n","protected":false},"excerpt":{"rendered":"<p>Le 15 septembre 2019 nous avons v\u00e9cu en Tunisie la deuxi\u00e8me r\u00e9volution apr\u00e8s celle du 14 janvier 2011. Cette deuxi\u00e8me r\u00e9volution \u00e9tait in\u00e9luctable et pr\u00e9visible, nous l\u2019avions vue venir. Depuis 2011, nous n\u2019avions eu de cesse, dans nos diff\u00e9rentes lettres ouvertes parues dans la presse, que de rappeler \u00e0 nos gouvernants de tout mettre en [&hellip;]<\/p>\n","protected":false},"author":1772,"featured_media":0,"comment_status":"closed","ping_status":"closed","sticky":false,"template":"","format":"standard","meta":{"fifu_image_url":"","fifu_image_alt":"","footnotes":""},"categories":[73,55],"tags":[],"class_list":["post-61892","post","type-post","status-publish","format-standard","hentry","category-actualite","category-tunisie"],"_links":{"self":[{"href":"https:\/\/linitiative.ca\/International\/wp-json\/wp\/v2\/posts\/61892","targetHints":{"allow":["GET"]}}],"collection":[{"href":"https:\/\/linitiative.ca\/International\/wp-json\/wp\/v2\/posts"}],"about":[{"href":"https:\/\/linitiative.ca\/International\/wp-json\/wp\/v2\/types\/post"}],"author":[{"embeddable":true,"href":"https:\/\/linitiative.ca\/International\/wp-json\/wp\/v2\/users\/1772"}],"replies":[{"embeddable":true,"href":"https:\/\/linitiative.ca\/International\/wp-json\/wp\/v2\/comments?post=61892"}],"version-history":[{"count":0,"href":"https:\/\/linitiative.ca\/International\/wp-json\/wp\/v2\/posts\/61892\/revisions"}],"wp:attachment":[{"href":"https:\/\/linitiative.ca\/International\/wp-json\/wp\/v2\/media?parent=61892"}],"wp:term":[{"taxonomy":"category","embeddable":true,"href":"https:\/\/linitiative.ca\/International\/wp-json\/wp\/v2\/categories?post=61892"},{"taxonomy":"post_tag","embeddable":true,"href":"https:\/\/linitiative.ca\/International\/wp-json\/wp\/v2\/tags?post=61892"}],"curies":[{"name":"wp","href":"https:\/\/api.w.org\/{rel}","templated":true}]}}