{"id":61894,"date":"2019-09-21T08:20:00","date_gmt":"2019-09-21T12:20:00","guid":{"rendered":"https:\/\/linitiative.ca\/International\/le-sabre-et-le-feu-le-nouveau-livre-de-hela-ouardi-dans-la-suite-des-califes-maudits\/"},"modified":"2019-09-21T08:20:00","modified_gmt":"2019-09-21T12:20:00","slug":"le-sabre-et-le-feu-le-nouveau-livre-de-hela-ouardi-dans-la-suite-des-califes-maudits","status":"publish","type":"post","link":"https:\/\/linitiative.ca\/International\/le-sabre-et-le-feu-le-nouveau-livre-de-hela-ouardi-dans-la-suite-des-califes-maudits\/","title":{"rendered":"\u2018\u2019Le sabre et le feu\u2019\u2019, le nouveau livre de Hela Ouardi, dans la suite des \u00a0\u00bbCalifes maudits\u00a0\u00bb"},"content":{"rendered":"<p>Nous voil\u00e0 entr\u00e9 de plain-pied dans ce <span class=\"c2\">bapt\u00eame de sang que va conna\u00eetre le Califat\u00a0: les musulmans vont s\u2019entretuer par milliers, dans une violence fondatrice dont les r\u00e9pliques se ressentent jusqu\u2019\u00e0 aujourd\u2019hu<\/span>i. H\u00e9la Ouardi poursuit son cycle de cinq r\u00e9cits historiques, intitul\u00e9 \u00ab\u00a0Les Califes maudits\u00a0\u00bb, qui reconstituent les r\u00e8gnes des quatre successeurs du Proph\u00e8te Muhammad. Volume 2\u00a0: \u2018\u2019Le sabre et le feu\u2019\u2019 qui para\u00eetra d\u00e9but octobre chez Albin Michel.<\/p>\n<p>Le premier cadrage g\u00e9n\u00e9ral nous \u00e9tait livr\u00e9 par H\u00e9la Ouardi dans \u00ab\u00a0Les derniers jours de Muhammad\u00a0\u00bb, publi\u00e9 chez Albin Michel en 2016, reconstituant des jours et semaines qui ont imm\u00e9diatement suivi la mort du Proph\u00e8te. Ce r\u00e9cit gu\u00e8re fictif a \u00e9t\u00e9 prolong\u00e9 dans \u00ab\u00a0Les Califes maudits\u00a0\u00bb. <span class=\"c2\">Qualifi\u00e9s de califes \u00ab bien guid\u00e9s \u00bb par la tradition apolog\u00e9tique, ils n\u2019ont cess\u00e9 en r\u00e9alit\u00e9 de s\u2019entred\u00e9chirer, et ont tous connu une mort violente. Le premier volume, La D\u00e9chirure, publi\u00e9 au printemps dernier, nous faisait revivre comme une trag\u00e9die grecque la confrontation acharn\u00e9e des pr\u00e9tendants au califat, et la mal\u00e9diction prof\u00e9r\u00e9e contre eux par Fatima, la fille du Proph\u00e8te, d\u00e9poss\u00e9d\u00e9e de son h\u00e9ritage.<\/span><\/p>\n<p><span class=\"c2\"><span class=\"c2\">Ce deuxi\u00e8me volume, \u00a0\u00bbLe sabre et le feu\u00a0\u00bb nous entra\u00eene, apr\u00e8s le coup d\u2019Etat d\u2019Abou Bakr, dans ce que l\u2019on a appel\u00e9 les \u00ab guerres d\u2019apostasie \u00bb, la religion \u00e9tant alors instrumentalis\u00e9e dans les luttes meurtri\u00e8res pour le pouvoir. C\u2019est un bapt\u00eame de sang que va conna\u00eetre le Califat\u00a0: les musulmans vont s\u2019entretuer par milliers, dans une violence fondatrice dont les r\u00e9pliques se ressentent jusqu\u2019\u00e0 aujourd\u2019hu<\/span>i.<\/span><\/p>\n<p><span class=\"c2\">Ab\u00fb Bakr al-Sidd\u00eeq (573 634), est nomm\u00e9 \u00e9galement Ibn Ab\u00ee Quh\u00e2fa. Ami intime et p\u00e8re de l\u2019\u00e9pouse du Proph\u00e8te, \u2018\u00c2\u2019isha, il appartient au clan qurayshite des Tayyim. Il fait partie des dix Compagnons \u00e0 qui le Proph\u00e8te a promis le paradis (al-mubashar.n bi-l-janna). Il a autour de soixante ans au moment de la mort du Proph\u00e8te.<\/span><\/p>\n<p><span class=\"c2\"><em>H\u00e9la Ouardi est professeur de litt\u00e9rature et de civilisation fran\u00e7aise \u00e0 l\u2019universit\u00e9 de Tunis, et chercheur associ\u00e9 du Laboratoire d\u2019\u00e9tudes sur les monoth\u00e9ismes du CNRS. Elle \u00e9t\u00e9 directrice g\u00e9n\u00e9rale du Livre au minist\u00e8re des Affaires Culturelles de Tunisie de septembre 2016 \u00e0 janvier 2018.<\/em><\/span><\/p>\n<p>Cr\u00e9dit photo \u00a9 Roberto Frankenberg<\/p>\n<p>Auteur:<br \/>\n<a href=\"https:\/\/www.leaders.com.tn\/article\/27988-hela-ouardi\">Cliquez ici pour lire l&rsquo;article depuis sa source.<\/a><\/p>\n","protected":false},"excerpt":{"rendered":"<p>Nous voil\u00e0 entr\u00e9 de plain-pied dans ce bapt\u00eame de sang que va conna\u00eetre le Califat\u00a0: les musulmans vont s\u2019entretuer par milliers, dans une violence fondatrice dont les r\u00e9pliques se ressentent jusqu\u2019\u00e0 aujourd\u2019hui. H\u00e9la Ouardi poursuit son cycle de cinq r\u00e9cits historiques, intitul\u00e9 \u00ab\u00a0Les Califes maudits\u00a0\u00bb, qui reconstituent les r\u00e8gnes des quatre successeurs du Proph\u00e8te Muhammad. [&hellip;]<\/p>\n","protected":false},"author":1772,"featured_media":0,"comment_status":"closed","ping_status":"closed","sticky":false,"template":"","format":"standard","meta":{"fifu_image_url":"","fifu_image_alt":"","footnotes":""},"categories":[73,55],"tags":[],"class_list":["post-61894","post","type-post","status-publish","format-standard","hentry","category-actualite","category-tunisie"],"_links":{"self":[{"href":"https:\/\/linitiative.ca\/International\/wp-json\/wp\/v2\/posts\/61894","targetHints":{"allow":["GET"]}}],"collection":[{"href":"https:\/\/linitiative.ca\/International\/wp-json\/wp\/v2\/posts"}],"about":[{"href":"https:\/\/linitiative.ca\/International\/wp-json\/wp\/v2\/types\/post"}],"author":[{"embeddable":true,"href":"https:\/\/linitiative.ca\/International\/wp-json\/wp\/v2\/users\/1772"}],"replies":[{"embeddable":true,"href":"https:\/\/linitiative.ca\/International\/wp-json\/wp\/v2\/comments?post=61894"}],"version-history":[{"count":0,"href":"https:\/\/linitiative.ca\/International\/wp-json\/wp\/v2\/posts\/61894\/revisions"}],"wp:attachment":[{"href":"https:\/\/linitiative.ca\/International\/wp-json\/wp\/v2\/media?parent=61894"}],"wp:term":[{"taxonomy":"category","embeddable":true,"href":"https:\/\/linitiative.ca\/International\/wp-json\/wp\/v2\/categories?post=61894"},{"taxonomy":"post_tag","embeddable":true,"href":"https:\/\/linitiative.ca\/International\/wp-json\/wp\/v2\/tags?post=61894"}],"curies":[{"name":"wp","href":"https:\/\/api.w.org\/{rel}","templated":true}]}}