{"id":61895,"date":"2019-09-21T05:56:57","date_gmt":"2019-09-21T09:56:57","guid":{"rendered":"https:\/\/linitiative.ca\/International\/remaniement-ministeriel-le-roi-recoit-saadeddine-el-otmani\/"},"modified":"2019-09-21T05:56:57","modified_gmt":"2019-09-21T09:56:57","slug":"remaniement-ministeriel-le-roi-recoit-saadeddine-el-otmani","status":"publish","type":"post","link":"https:\/\/linitiative.ca\/International\/remaniement-ministeriel-le-roi-recoit-saadeddine-el-otmani\/","title":{"rendered":"Remaniement minist\u00e9riel : le Roi re\u00e7oit Saadeddine El Otmani"},"content":{"rendered":"<p><strong>Sa Majest\u00e9 le Roi Mohammed VI a re\u00e7u ce jour au Palais Royal de Rabat, le Chef du gouvernement, Saadeddine Otmani, indique le communiqu\u00e9 du cabinet royal.<\/strong><\/p>\n<div class=\"c10\"\/>\n<p>Au cours de cette audience, poursuit le communiqu\u00e9, le Souverain s\u2019est inform\u00e9 aupr\u00e8s du chef du gouvernement de l\u2019\u00e9tat d\u2019avancement dans la mise en oeuvre des Orientations Royales telles que contenues dans le Discours du Tr\u00f4ne de 2019.<\/p>\n<p>Ces Instructions Royales au Chef du gouvernement portaient sur la soumission \u00e0 Sa Majest\u00e9 le Roi de propositions de renouvellement et d\u2019enrichissement des postes de responsabilit\u00e9, tant au sein du gouvernement que de l\u2019administration.<\/p>\n<p>Lire aussi : <a href=\"https:\/\/www.challenge.ma\/maroc-que-reservera-le-prochain-remaniement-ministeriel-aux-partis-115535\/\">Maroc : Que r\u00e9servera le prochain remaniement minist\u00e9riel aux partis ?<\/a><\/p>\n<p>Pour rappel, le remaniement minist\u00e9riel doit avoir lieu avec la\u00a0<strong>rentr\u00e9e politique<\/strong>\u00a0qui co\u00efncide traditionnellement avec l\u2019ouverture de la session parlementaire de l\u2019automne au deuxi\u00e8me vendredi du mois d\u2019octobre.<\/p>\n<div class=\"c17\">\n<fieldset class=\"c16\">\n<legend><strong><span class=\"c11\">Challenge<\/span><span class=\"c12\">news<\/span><\/strong><\/legend>\n<div class=\"c15\">Le meilleur de la r\u00e9daction s\u00e9lectionn\u00e9 par Challenge :<\/p>\n<\/div>\n<\/fieldset>\n<\/div>\n<p>Auteur: Hassan Manyani<br \/>\n<a href=\"https:\/\/www.challenge.ma\/remaniement-ministeriel-le-roi-recoit-saadeddine-el-otmani-118070\/\">Cliquez ici pour lire l&rsquo;article depuis sa source.<\/a><\/p>\n","protected":false},"excerpt":{"rendered":"<p>Sa Majest\u00e9 le Roi Mohammed VI a re\u00e7u ce jour au Palais Royal de Rabat, le Chef du gouvernement, Saadeddine Otmani, indique le communiqu\u00e9 du cabinet royal. Au cours de cette audience, poursuit le communiqu\u00e9, le Souverain s\u2019est inform\u00e9 aupr\u00e8s du chef du gouvernement de l\u2019\u00e9tat d\u2019avancement dans la mise en oeuvre des Orientations Royales [&hellip;]<\/p>\n","protected":false},"author":1787,"featured_media":0,"comment_status":"closed","ping_status":"closed","sticky":false,"template":"","format":"standard","meta":{"fifu_image_url":"","fifu_image_alt":"","footnotes":""},"categories":[78,54],"tags":[],"class_list":["post-61895","post","type-post","status-publish","format-standard","hentry","category-economie","category-maroc"],"_links":{"self":[{"href":"https:\/\/linitiative.ca\/International\/wp-json\/wp\/v2\/posts\/61895","targetHints":{"allow":["GET"]}}],"collection":[{"href":"https:\/\/linitiative.ca\/International\/wp-json\/wp\/v2\/posts"}],"about":[{"href":"https:\/\/linitiative.ca\/International\/wp-json\/wp\/v2\/types\/post"}],"author":[{"embeddable":true,"href":"https:\/\/linitiative.ca\/International\/wp-json\/wp\/v2\/users\/1787"}],"replies":[{"embeddable":true,"href":"https:\/\/linitiative.ca\/International\/wp-json\/wp\/v2\/comments?post=61895"}],"version-history":[{"count":0,"href":"https:\/\/linitiative.ca\/International\/wp-json\/wp\/v2\/posts\/61895\/revisions"}],"wp:attachment":[{"href":"https:\/\/linitiative.ca\/International\/wp-json\/wp\/v2\/media?parent=61895"}],"wp:term":[{"taxonomy":"category","embeddable":true,"href":"https:\/\/linitiative.ca\/International\/wp-json\/wp\/v2\/categories?post=61895"},{"taxonomy":"post_tag","embeddable":true,"href":"https:\/\/linitiative.ca\/International\/wp-json\/wp\/v2\/tags?post=61895"}],"curies":[{"name":"wp","href":"https:\/\/api.w.org\/{rel}","templated":true}]}}