{"id":61897,"date":"2019-09-21T11:03:00","date_gmt":"2019-09-21T15:03:00","guid":{"rendered":"https:\/\/linitiative.ca\/International\/13eme-colloque-international-les-finances-locales-a-lhonneur\/"},"modified":"2019-09-21T11:03:00","modified_gmt":"2019-09-21T15:03:00","slug":"13eme-colloque-international-les-finances-locales-a-lhonneur","status":"publish","type":"post","link":"https:\/\/linitiative.ca\/International\/13eme-colloque-international-les-finances-locales-a-lhonneur\/","title":{"rendered":"13\u00e8me colloque international : Les finances locales \u00e0 l\u2019honneur"},"content":{"rendered":"<p><strong>13 ans de collaboration et d\u2019\u00e9change. Pas moins de 26 colloques. Fondafip, ainsi que la Revue Fran\u00e7aise de Finances Publiques sont devenues de vrais partenaires du minist\u00e8re de l\u2019Economie et des Finances.<\/strong><\/p>\n<div class=\"c10\"\/>\n<p>Les colloques organis\u00e9s ont toujours \u00e9t\u00e9 un moment de r\u00e9flexion pour stimuler l\u2019intelligence collective dans le domaine des finances publiques. Cette ann\u00e9e, le 13<sup>\u00e8me<\/sup> colloque international des Finances Publiques a \u00e9t\u00e9 consacr\u00e9 \u00e0 la question des <strong>finances locales<\/strong> au Maroc et en France, dans un monde en mutation.<\/p>\n<p>Effectivement, le monde traverse actuellement une zone d\u2019intenses turbulences o\u00f9 certains fant\u00f4mes semblent de retour. Droite et extr\u00eame droite d\u2019inspiration x\u00e9nophobe ont de plus en plus le vent en poupe. La gouvernance des institutions internationales est pratiquement en panne. Alors l\u2019articulation du global et du local est vraiment \u00e0 l\u2019ordre du jour. C\u2019est m\u00eame une priorit\u00e9 \u00e0 int\u00e9grer syst\u00e9matiquement dans les politiques publiques. Les chantiers de la r\u00e9gionalisation et de la d\u00e9centralisation sont devenus incontournables pour faire face aux d\u00e9fis du d\u00e9veloppement.<\/p>\n<p>Lire aussi : <a href=\"https:\/\/www.challenge.ma\/finances-publiques-aggravation-du-deficit-budgetaire-de-plus-de-24-70779\/\">Finances publiques\u00a0: Aggravation du d\u00e9ficit budg\u00e9taire de plus de 24%<\/a><\/p>\n<p>Dans la r\u00e9alit\u00e9, beaucoup d\u2019obstacles doivent d\u2019abord \u00eatre bien identifi\u00e9s pour \u00eatre efficacement d\u00e9pass\u00e9s. C\u2019est l\u2019objectif partag\u00e9 dans ce 13<sup>\u00e8me<\/sup> colloque o\u00f9 universitaires, chercheurs, praticiens, acteurs publics et acteurs priv\u00e9s, soci\u00e9t\u00e9 civile, remuent leurs m\u00e9ninges pour alimenter la pens\u00e9e collective et nourrir les processus d\u00e9cisionnels en id\u00e9es riches et en <strong>r\u00e9formes<\/strong> pertinentes.<\/p>\n<p>La France et le Maroc, deux partenaires historiques, deux exp\u00e9riences soci\u00e9tales qui se compl\u00e8tent et s\u2019enrichissent r\u00e9ciproquement en permanence.<\/p>\n<p>Esp\u00e9rons juste une plus grande ouverture et une diversification plus large des \u00e9changes internationaux pour pouvoir d\u00e9couvrir d\u2019autres <strong>exp\u00e9riences<\/strong> humaines, en Asie, en Am\u00e9rique latine et en Afrique. Sans oublier la dimension endog\u00e8ne o\u00f9 les pratiques locales et ancestrales m\u00e9ritent d\u2019\u00eatre bien connues et ressuscit\u00e9es. L\u2019articulation r\u00e9ussie de l\u2019universel et du sp\u00e9cifique passe n\u00e9cessairement par le d\u00e9passement de cette vision r\u00e9ductionniste et binaire, opposant tradition et modernit\u00e9.\u00a0<\/p>\n<div class=\"c17\">\n<fieldset class=\"c16\">\n<legend><strong><span class=\"c11\">Challenge<\/span><span class=\"c12\">news<\/span><\/strong><\/legend>\n<div class=\"c15\">Le meilleur de la r\u00e9daction s\u00e9lectionn\u00e9 par Challenge :<\/p>\n<\/div>\n<\/fieldset>\n<\/div>\n<p>Auteur: Mohamed Amine<br \/>\n<a href=\"https:\/\/www.challenge.ma\/13eme-colloque-international-les-finances-locales-a-lhonneur-118030\/\">Cliquez ici pour lire l&rsquo;article depuis sa source.<\/a><\/p>\n","protected":false},"excerpt":{"rendered":"<p>13 ans de collaboration et d\u2019\u00e9change. Pas moins de 26 colloques. Fondafip, ainsi que la Revue Fran\u00e7aise de Finances Publiques sont devenues de vrais partenaires du minist\u00e8re de l\u2019Economie et des Finances. Les colloques organis\u00e9s ont toujours \u00e9t\u00e9 un moment de r\u00e9flexion pour stimuler l\u2019intelligence collective dans le domaine des finances publiques. Cette ann\u00e9e, le [&hellip;]<\/p>\n","protected":false},"author":1787,"featured_media":0,"comment_status":"closed","ping_status":"closed","sticky":false,"template":"","format":"standard","meta":{"fifu_image_url":"","fifu_image_alt":"","footnotes":""},"categories":[78,54],"tags":[],"class_list":["post-61897","post","type-post","status-publish","format-standard","hentry","category-economie","category-maroc"],"_links":{"self":[{"href":"https:\/\/linitiative.ca\/International\/wp-json\/wp\/v2\/posts\/61897","targetHints":{"allow":["GET"]}}],"collection":[{"href":"https:\/\/linitiative.ca\/International\/wp-json\/wp\/v2\/posts"}],"about":[{"href":"https:\/\/linitiative.ca\/International\/wp-json\/wp\/v2\/types\/post"}],"author":[{"embeddable":true,"href":"https:\/\/linitiative.ca\/International\/wp-json\/wp\/v2\/users\/1787"}],"replies":[{"embeddable":true,"href":"https:\/\/linitiative.ca\/International\/wp-json\/wp\/v2\/comments?post=61897"}],"version-history":[{"count":0,"href":"https:\/\/linitiative.ca\/International\/wp-json\/wp\/v2\/posts\/61897\/revisions"}],"wp:attachment":[{"href":"https:\/\/linitiative.ca\/International\/wp-json\/wp\/v2\/media?parent=61897"}],"wp:term":[{"taxonomy":"category","embeddable":true,"href":"https:\/\/linitiative.ca\/International\/wp-json\/wp\/v2\/categories?post=61897"},{"taxonomy":"post_tag","embeddable":true,"href":"https:\/\/linitiative.ca\/International\/wp-json\/wp\/v2\/tags?post=61897"}],"curies":[{"name":"wp","href":"https:\/\/api.w.org\/{rel}","templated":true}]}}