{"id":61910,"date":"2019-09-21T12:18:14","date_gmt":"2019-09-21T16:18:14","guid":{"rendered":"https:\/\/linitiative.ca\/International\/guinee-bah-oury-prend-officiellement-les-renes-de-ludd\/"},"modified":"2019-09-21T12:18:14","modified_gmt":"2019-09-21T16:18:14","slug":"guinee-bah-oury-prend-officiellement-les-renes-de-ludd","status":"publish","type":"post","link":"https:\/\/linitiative.ca\/International\/guinee-bah-oury-prend-officiellement-les-renes-de-ludd\/","title":{"rendered":"Guin\u00e9e: Bah Oury prend officiellement les r\u00eanes de l\u2019UDD"},"content":{"rendered":"<div readability=\"32\">\n<p>Publi\u00e9 le 21.09.2019 \u00e0 17h18 par APA News<\/p>\n<\/div>\n<div readability=\"63\">\n<p>Dans une d\u00e9claration parvenue, samedi \u00e0 APA, Bah Oury, fondateur de l\u2019Union des forces d\u00e9mocratiques de Guin\u00e9e (UFDG, principal parti d\u2019opposition) anonce avoir rejoint officiellement l\u2019Union pour la d\u00e9mocratie et le D\u00e9veloppement (UDD).\u00ab C\u2019est un honneur d\u2019annoncer que j\u2019ai accept\u00e9 la responsabilit\u00e9 d\u2019\u00eatre Pr\u00e9sident du parti Union pour la D\u00e9mocratie et le D\u00e9veloppement(UDD) \u00bb, souligne l\u2019ancien ministre guin\u00e9en de la R\u00e9conciliation, tout en indiquant qu\u2019une nouvelle page de la longue marche pour rassembler les Guin\u00e9ens et construire le pays s\u2019ouvre d\u00e9sormais.\u00a0<\/p>\n<p>\u00ab Les t\u00e2ches qui nous attendent sont nombreuses, mais nous sommes d\u00e9termin\u00e9s et confiants que nous franchirons les obstacles pour faire de la Guin\u00e9e la locomotive de l\u2019Afrique de l\u2019Ouest \u00bb, note Bah Oury.<\/p>\n<p>Depuis son retour au pays en 2016, apr\u00e8s 5 ann\u00e9es d\u2019exil (pour atteinte \u00e0 la suret\u00e9 de l\u2019Etat et tentative d\u2019assassinat contre le pr\u00e9sident de la R\u00e9publique), un bras de fer s\u2019\u00e9tait engag\u00e9 entre lui et Cellou Dalein Diallo pour la gestion de l\u2019UFDG, o\u00f9 il occupait la fonction de 1er vice-pr\u00e9sident. Exclu dudit parti, la m\u00eame ann\u00e9e pour \u2018\u2019violation des statuts et r\u00e8glement int\u00e9rieur du parti\u00a0\u00bb, Bah Oury sera r\u00e9tabli trois ans apr\u00e8s au sein de l\u2019UFDG par une d\u00e9cision de justice. Mais face au rejet de cette d\u00e9cision par le camp adverse, il mettra en place un mouvement d\u00e9nomm\u00e9 le \u2018\u2019Renouveau\u00a0\u00bb.<\/p>\n<p>\u00ab Le Mouvement Renouveau s\u2019int\u00e8gre dans les structures de l\u2019UDD. Nos remerciements \u00e0 tous les militants et aux membres du Renouveau qui nous ont accompagn\u00e9s ces 3 ann\u00e9es d\u2019\u00e9preuves et de sacrifices\u00bb, a lanc\u00e9 le nouveau pr\u00e9sident de l\u2019UDD.<\/p>\n<\/div>\n<p>Auteur: APA News<br \/>\n<a href=\"https:\/\/www.journalducameroun.com\/guinee-bah-oury-prend-officiellement-les-renes-de-ludd\/\">Cliquez ici pour lire l&rsquo;article depuis sa source.<\/a><\/p>\n","protected":false},"excerpt":{"rendered":"<p>Publi\u00e9 le 21.09.2019 \u00e0 17h18 par APA News Dans une d\u00e9claration parvenue, samedi \u00e0 APA, Bah Oury, fondateur de l\u2019Union des forces d\u00e9mocratiques de Guin\u00e9e (UFDG, principal parti d\u2019opposition) anonce avoir rejoint officiellement l\u2019Union pour la d\u00e9mocratie et le D\u00e9veloppement (UDD).\u00ab C\u2019est un honneur d\u2019annoncer que j\u2019ai accept\u00e9 la responsabilit\u00e9 d\u2019\u00eatre Pr\u00e9sident du parti Union [&hellip;]<\/p>\n","protected":false},"author":1965,"featured_media":0,"comment_status":"closed","ping_status":"closed","sticky":false,"template":"","format":"standard","meta":{"fifu_image_url":"","fifu_image_alt":"","footnotes":""},"categories":[73,82],"tags":[],"class_list":["post-61910","post","type-post","status-publish","format-standard","hentry","category-actualite","category-cameroun"],"_links":{"self":[{"href":"https:\/\/linitiative.ca\/International\/wp-json\/wp\/v2\/posts\/61910","targetHints":{"allow":["GET"]}}],"collection":[{"href":"https:\/\/linitiative.ca\/International\/wp-json\/wp\/v2\/posts"}],"about":[{"href":"https:\/\/linitiative.ca\/International\/wp-json\/wp\/v2\/types\/post"}],"author":[{"embeddable":true,"href":"https:\/\/linitiative.ca\/International\/wp-json\/wp\/v2\/users\/1965"}],"replies":[{"embeddable":true,"href":"https:\/\/linitiative.ca\/International\/wp-json\/wp\/v2\/comments?post=61910"}],"version-history":[{"count":0,"href":"https:\/\/linitiative.ca\/International\/wp-json\/wp\/v2\/posts\/61910\/revisions"}],"wp:attachment":[{"href":"https:\/\/linitiative.ca\/International\/wp-json\/wp\/v2\/media?parent=61910"}],"wp:term":[{"taxonomy":"category","embeddable":true,"href":"https:\/\/linitiative.ca\/International\/wp-json\/wp\/v2\/categories?post=61910"},{"taxonomy":"post_tag","embeddable":true,"href":"https:\/\/linitiative.ca\/International\/wp-json\/wp\/v2\/tags?post=61910"}],"curies":[{"name":"wp","href":"https:\/\/api.w.org\/{rel}","templated":true}]}}