{"id":61913,"date":"2019-09-22T04:05:05","date_gmt":"2019-09-22T08:05:05","guid":{"rendered":"https:\/\/linitiative.ca\/International\/elle-aura-lieu-le-26-septembre-au-senegal-un-marocain-a-la-finale-internationale-du-concours-ma-these-en-180-secondes\/"},"modified":"2019-09-22T04:05:05","modified_gmt":"2019-09-22T08:05:05","slug":"elle-aura-lieu-le-26-septembre-au-senegal-un-marocain-a-la-finale-internationale-du-concours-ma-these-en-180-secondes","status":"publish","type":"post","link":"https:\/\/linitiative.ca\/International\/elle-aura-lieu-le-26-septembre-au-senegal-un-marocain-a-la-finale-internationale-du-concours-ma-these-en-180-secondes\/","title":{"rendered":"Elle aura lieu le 26 septembre au S\u00e9n\u00e9gal : Un Marocain \u00e0 la finale internationale du concours \u00abMa th\u00e8se en 180 secondes\u00bb"},"content":{"rendered":"<header readability=\"1.24892703863\">\n<div class=\"entry-post-meta\" readability=\"4.85393258427\">\n<p>Date\u00a0:<time content=\"2019-09-02T09:05:05+00:00\" class=\"entry-date updated\" datetime=\"2019-09-02T09:05:05+00:00\">septembre 02, 2019<\/time><\/p>\n<p>1Vues<\/p>\n<\/div>\n<\/header>\n<div class=\"entry-content clearfix\" readability=\"47\"><img decoding=\"async\" class=\"post_layout_5_img\" src=\"http:\/\/aujourdhui.ma\/wp-content\/uploads\/2019\/09\/Ma-the%CC%80se-en-180-secondes-Se%CC%81ne%CC%81gal.jpg?x29840\" alt=\"Elle aura lieu le 26 septembre au S\u00e9n\u00e9gal : Un Marocain \u00e0 la finale internationale du concours \u00abMa th\u00e8se en 180 secondes\u00bb\"\/><\/p>\n<p class=\"p1\"><span class=\"s1\"><span class=\"c4\"><strong>Un doctorant marocain, Azzeddine Annan de l\u2019Universit\u00e9 Mohammed V de Rabat, participe \u00e0 la finale internationale du concours \u00abMa th\u00e8se en 180 secondes\u00bb, qui aura lieu le 26 septembre prochain au S\u00e9n\u00e9gal, apprend-on lundi aupr\u00e8s de l\u2019Agence universitaire de la Francophonie (AUF).<\/strong><\/span><\/span> <span id=\"more-318415\"\/><\/p>\n<p class=\"p1\"><span class=\"s1\">Aux c\u00f4t\u00e9s de 17 autres doctorants francophones, Azzeddine Annan devra convaincre un jury international et r\u00e9ussir la prouesse de pr\u00e9senter en 3 minutes et de fa\u00e7on claire et pr\u00e9cise sa th\u00e8se sur \u00abCartographie nationale de la r\u00e9sistance primaire du VIH aux antir\u00e9troviraux\u00bb.<\/span><\/p>\n<p class=\"p1\"><span class=\"s1\">Azzeddine Annan avait remport\u00e9 en juillet dernier la finale nationale de ce concours francophone international, en se voyant d\u00e9cerner le premier prix du jury et le prix du public.<\/span><\/p>\n<\/div>\n<p>Auteur: Mohamed Badrane<br \/>\n<a href=\"http:\/\/aujourdhui.ma\/emploi\/formation\/elle-aura-lieu-le-26-septembre-au-senegal-un-marocain-a-la-finale-internationale-du-concours-ma-these-en-180-secondes\">Cliquez ici pour lire l&rsquo;article depuis sa source.<\/a><\/p>\n","protected":false},"excerpt":{"rendered":"<p>Date\u00a0:septembre 02, 2019 1Vues Un doctorant marocain, Azzeddine Annan de l\u2019Universit\u00e9 Mohammed V de Rabat, participe \u00e0 la finale internationale du concours \u00abMa th\u00e8se en 180 secondes\u00bb, qui aura lieu le 26 septembre prochain au S\u00e9n\u00e9gal, apprend-on lundi aupr\u00e8s de l\u2019Agence universitaire de la Francophonie (AUF). Aux c\u00f4t\u00e9s de 17 autres doctorants francophones, Azzeddine Annan [&hellip;]<\/p>\n","protected":false},"author":1759,"featured_media":0,"comment_status":"closed","ping_status":"closed","sticky":false,"template":"","format":"standard","meta":{"fifu_image_url":"","fifu_image_alt":"","footnotes":""},"categories":[73,54],"tags":[],"class_list":["post-61913","post","type-post","status-publish","format-standard","hentry","category-actualite","category-maroc"],"_links":{"self":[{"href":"https:\/\/linitiative.ca\/International\/wp-json\/wp\/v2\/posts\/61913","targetHints":{"allow":["GET"]}}],"collection":[{"href":"https:\/\/linitiative.ca\/International\/wp-json\/wp\/v2\/posts"}],"about":[{"href":"https:\/\/linitiative.ca\/International\/wp-json\/wp\/v2\/types\/post"}],"author":[{"embeddable":true,"href":"https:\/\/linitiative.ca\/International\/wp-json\/wp\/v2\/users\/1759"}],"replies":[{"embeddable":true,"href":"https:\/\/linitiative.ca\/International\/wp-json\/wp\/v2\/comments?post=61913"}],"version-history":[{"count":0,"href":"https:\/\/linitiative.ca\/International\/wp-json\/wp\/v2\/posts\/61913\/revisions"}],"wp:attachment":[{"href":"https:\/\/linitiative.ca\/International\/wp-json\/wp\/v2\/media?parent=61913"}],"wp:term":[{"taxonomy":"category","embeddable":true,"href":"https:\/\/linitiative.ca\/International\/wp-json\/wp\/v2\/categories?post=61913"},{"taxonomy":"post_tag","embeddable":true,"href":"https:\/\/linitiative.ca\/International\/wp-json\/wp\/v2\/tags?post=61913"}],"curies":[{"name":"wp","href":"https:\/\/api.w.org\/{rel}","templated":true}]}}