{"id":61916,"date":"2019-09-22T04:10:30","date_gmt":"2019-09-22T08:10:30","guid":{"rendered":"https:\/\/linitiative.ca\/International\/la-2eme-edition-se-tiendra-debut-octobre-a-el-jadida-le-salon-marocain-de-dessin-et-de-lestampe-met-lart-du-multiple-en-valeur\/"},"modified":"2019-09-22T04:10:30","modified_gmt":"2019-09-22T08:10:30","slug":"la-2eme-edition-se-tiendra-debut-octobre-a-el-jadida-le-salon-marocain-de-dessin-et-de-lestampe-met-lart-du-multiple-en-valeur","status":"publish","type":"post","link":"https:\/\/linitiative.ca\/International\/la-2eme-edition-se-tiendra-debut-octobre-a-el-jadida-le-salon-marocain-de-dessin-et-de-lestampe-met-lart-du-multiple-en-valeur\/","title":{"rendered":"La 2\u00e8me \u00e9dition se tiendra d\u00e9but octobre \u00e0 El Jadida : Le Salon marocain de dessin et de l\u2019estampe met l\u2019art du multiple en valeur"},"content":{"rendered":"<p><img decoding=\"async\" class=\"post_layout_5_img\" src=\"http:\/\/aujourdhui.ma\/wp-content\/uploads\/2019\/09\/Exposition-Tableaux-Salon-marocain-de-dessin-et-de-l%E2%80%99estampe-SMDE.jpg?x29840\" alt=\"La 2\u00e8me \u00e9dition se tiendra d\u00e9but octobre \u00e0 El Jadida : Le Salon marocain de dessin et de l\u2019estampe met l\u2019art du multiple en valeur\"\/><\/p>\n<p class=\"p1\"><span class=\"s1\"><span class=\"c4\"><strong>Le 2\u00e8me Salon marocain de dessin et de l\u2019estampe (SMDE) se tiendra du 3 au 6 octobre \u00e0 la cit\u00e9 portugaise d\u2019El Jadida.<\/strong><\/span><\/span> <span id=\"more-318306\"\/><\/p>\n<p class=\"p1\"><span class=\"s1\">Cet \u00e9v\u00e9nement, initi\u00e9 sous le th\u00e8me \u00abLe dessin, empreinte du temps- espace\u00bb par le minist\u00e8re de la culture et de la communication en partenariat avec l\u2019association Pact\u2019Art, investira, selon les initiateurs, les galeries Chaibia Tallal, El Khatibi, Belhamdounia et le th\u00e9\u00e2tre de la cit\u00e9 portugaise.<\/span><\/p>\n<p class=\"p1\"><span class=\"s1\">A propos de l\u2019organisation de cette manifestation, l\u2019artiste-peintre Said Housbane, \u00e9galement secr\u00e9taire g\u00e9n\u00e9ral de Pact\u2019Art, qui qualifie cet \u00e9v\u00e9nement d\u2019in\u00e9dit, se veut clair. <em>\u00abL\u2019id\u00e9e d\u2019organiser ce Salon vient r\u00e9pondre \u00e0 un besoin qui s\u2019impose de plus en plus dans le paysage artistique marocain en vue de rendre justice \u00e0 un volet longtemps d\u00e9laiss\u00e9. Les amateurs d\u2019art avertis et les collectionneurs comprennent tr\u00e8s bien l\u2019importance d\u2019une telle discipline dans la d\u00e9marche de tout artiste qui se respecte\u00bb<\/em>.<\/span><\/p>\n<p class=\"p1\"><span class=\"s1\">Outre bon nombre d\u2019artistes marocains de renomm\u00e9e internationale, cette \u00e9dition invitera, selon les organisateurs, des artistes de divers pays. Seront ainsi expos\u00e9s la collection des estampes ou l\u2019art du multiple du minist\u00e8re de la culture qui pr\u00e9sentera les \u0153uvres de 18 artistes-peintres sous l\u2019intitul\u00e9 \u00abTraits\u00bb. Il s\u2019agit des artistes Chabaa, Mellihi, Rabia, Hassani, Jarid, Benbouchta, Melyani, Bennani.K, Habouli, Bennani Moa, Hariri, Hyani, Ouazani, Miloud, Bellamine, Kentour et Fatima Hassan. <em>\u00abCette manifestation vient donc rendre hommage \u00e0 ce volet de la cr\u00e9ation et se propose de combler ce vide en offrant au public, novice comme averti, l\u2019opportunit\u00e9 d\u2019appr\u00e9cier la face cach\u00e9e de la cr\u00e9ation artistique souvent rel\u00e9gu\u00e9e \u00e0 l\u2019arri\u00e8re-plan\u00bb<\/em>, explicite M. Housbane \u00e0 propos de l\u2019estampe.<\/span><\/p>\n<p class=\"p1\"><span class=\"s1\">Dans la collection des artistes-peintres marocains, le d\u00e9partement de la culture exposera les \u0153uvres de Bellamine, Rahoul, Mellihi, Belkahia, Bouragba, Hyani, Melyani, Boujamaaoui, Sadouk et Al Azhar. De son c\u00f4t\u00e9, l\u2019association partenaire pr\u00e9sentera une collection des artistes Zoubir, Benjakan, El Azhar, Amine, Housbane, Mofid, Boudarga. En outre, l\u2019\u00e9v\u00e9nement sera marqu\u00e9 par l\u2019exposition des collections des artistes Habouli, Said Mestari, des artistes t\u00e9touanais Ouazani, Bouzid, Rabia, Adil et El Arroud, ainsi que d\u2019une \u00e9dition du Mus\u00e9e Mohammed VI \u00e0 travers la fondation Mohammed VI.<\/span><\/p>\n<p class=\"p1\"><span class=\"s1\">Quant \u00e0 la participation des pays \u00e9trangers, elle se manifestera par une collection des artistes-peintres fran\u00e7ais, belges, espagnols, italiens, japonais, tunisiens, allemands, cubains, canadiens, portugais, p\u00e9ruviens et roumains, ainsi qu\u2019une collection appel\u00e9e \u00abIfitry\u00bb. De plus, un grand hommage sera rendu \u00e0 l\u2019\u00e9minent artiste marocain r\u00e9sidant en Espagne Sa\u00efd Messari. Cela \u00e9tant, l\u2019association partenaire veut faire, selon les dires de son secr\u00e9taire g\u00e9n\u00e9ral, un rendez-vous annuel incontournable sur la sc\u00e8ne artistique nationale.<\/span><\/p>\n<p>Auteur: ALM<br \/>\n<a href=\"http:\/\/aujourdhui.ma\/culture\/la-2eme-edition-se-tiendra-debut-octobre-a-el-jadida-le-salon-marocain-de-dessin-et-de-lestampe-met-lart-du-multiple-en-valeur\">Cliquez ici pour lire l&rsquo;article depuis sa source.<\/a><\/p>\n","protected":false},"excerpt":{"rendered":"<p>Le 2\u00e8me Salon marocain de dessin et de l\u2019estampe (SMDE) se tiendra du 3 au 6 octobre \u00e0 la cit\u00e9 portugaise d\u2019El Jadida. Cet \u00e9v\u00e9nement, initi\u00e9 sous le th\u00e8me \u00abLe dessin, empreinte du temps- espace\u00bb par le minist\u00e8re de la culture et de la communication en partenariat avec l\u2019association Pact\u2019Art, investira, selon les initiateurs, les [&hellip;]<\/p>\n","protected":false},"author":1759,"featured_media":0,"comment_status":"closed","ping_status":"closed","sticky":false,"template":"","format":"standard","meta":{"fifu_image_url":"","fifu_image_alt":"","footnotes":""},"categories":[73,54],"tags":[],"class_list":["post-61916","post","type-post","status-publish","format-standard","hentry","category-actualite","category-maroc"],"_links":{"self":[{"href":"https:\/\/linitiative.ca\/International\/wp-json\/wp\/v2\/posts\/61916","targetHints":{"allow":["GET"]}}],"collection":[{"href":"https:\/\/linitiative.ca\/International\/wp-json\/wp\/v2\/posts"}],"about":[{"href":"https:\/\/linitiative.ca\/International\/wp-json\/wp\/v2\/types\/post"}],"author":[{"embeddable":true,"href":"https:\/\/linitiative.ca\/International\/wp-json\/wp\/v2\/users\/1759"}],"replies":[{"embeddable":true,"href":"https:\/\/linitiative.ca\/International\/wp-json\/wp\/v2\/comments?post=61916"}],"version-history":[{"count":0,"href":"https:\/\/linitiative.ca\/International\/wp-json\/wp\/v2\/posts\/61916\/revisions"}],"wp:attachment":[{"href":"https:\/\/linitiative.ca\/International\/wp-json\/wp\/v2\/media?parent=61916"}],"wp:term":[{"taxonomy":"category","embeddable":true,"href":"https:\/\/linitiative.ca\/International\/wp-json\/wp\/v2\/categories?post=61916"},{"taxonomy":"post_tag","embeddable":true,"href":"https:\/\/linitiative.ca\/International\/wp-json\/wp\/v2\/tags?post=61916"}],"curies":[{"name":"wp","href":"https:\/\/api.w.org\/{rel}","templated":true}]}}