{"id":61917,"date":"2019-09-22T05:36:10","date_gmt":"2019-09-22T09:36:10","guid":{"rendered":"https:\/\/linitiative.ca\/International\/industries-culturelles-et-creatives-les-premieres-assises-en-octobre\/"},"modified":"2019-09-22T05:36:10","modified_gmt":"2019-09-22T09:36:10","slug":"industries-culturelles-et-creatives-les-premieres-assises-en-octobre","status":"publish","type":"post","link":"https:\/\/linitiative.ca\/International\/industries-culturelles-et-creatives-les-premieres-assises-en-octobre\/","title":{"rendered":"Industries culturelles et cr\u00e9atives : Les premi\u00e8res assises en octobre"},"content":{"rendered":"<header readability=\"1.33548387097\">\n<div class=\"entry-post-meta\" readability=\"6.42424242424\">\n<div class=\"author-link\">Publi\u00e9 par <a itemprop=\"author\" itemscope=\"\" itemtype=\"https:\/\/schema.org\/Person\" href=\"http:\/\/aujourdhui.ma\/profile\/kaid\" rel=\"author\"><span itemprop=\"name\">ALM<\/span><\/a><\/div>\n<p>Date\u00a0:<time content=\"2019-09-22T10:36:10+00:00\" class=\"entry-date updated\" datetime=\"2019-09-22T10:36:10+00:00\">septembre 22, 2019<\/time><\/p>\n<div class=\"entry-cat\">dans:<a href=\"http:\/\/aujourdhui.ma\/category\/culture\" rel=\"category tag\">Culture<\/a>, <a href=\"http:\/\/aujourdhui.ma\/category\/une\" rel=\"category tag\">Une<\/a><\/div>\n<p>0 Vues<\/p>\n<\/div>\n<\/header>\n<div class=\"entry-content clearfix\" readability=\"58\"><img decoding=\"async\" class=\"post_layout_5_img\" src=\"http:\/\/aujourdhui.ma\/wp-content\/uploads\/2019\/09\/Les-assises-Industries-culturelles-et-cr%C3%A9atives1.jpg?x29840\" alt=\"Industries culturelles et cr\u00e9atives : Les premi\u00e8res assises en octobre\"\/><\/p>\n<p><span class=\"c4\"><strong>Le Maroc s\u2019appr\u00eate \u00e0 abriter les premi\u00e8res assises des industries culturelles et cr\u00e9atives.<\/strong><\/span><span id=\"more-318423\"\/><\/p>\n<p>Cet \u00e9v\u00e9nement fondateur se veut une initiative conjointe du minist\u00e8re de la culture et de la communication et de la F\u00e9d\u00e9ration des industries culturelles et cr\u00e9atives de la conf\u00e9d\u00e9ration g\u00e9n\u00e9rale des entreprises du Maroc (CGEM). Ainsi, les professionnels du secteur discuteront les 4 et 5 octobre prochain \u00e0 Rabat des enjeux et des perspectives du secteur.<\/p>\n<p>Des \u00e9changes qui tendent \u00e0 d\u00e9finir une feuille de route constructive et collaborative en vue de favoriser l\u2019\u00e9mergence d\u2019une industrie culturelle et cr\u00e9ative g\u00e9n\u00e9ratrice de revenus de valeurs et d\u2019emplois \u00e0 travers l\u2019ensemble des r\u00e9gions du Maroc. Ces assises s\u2019inscrivent en effet dans le cadre de la dynamique impuls\u00e9e par la vision royale relative \u00e0 la valorisation de la culture et de l\u2019art en tant que supports et leviers du d\u00e9veloppement \u00e9conomique, social et soci\u00e9tal ainsi que du rayonnement culturel du pays. Rappelons que l\u2019initiative de la F\u00e9d\u00e9ration des Industries Culturelles et Cr\u00e9atives a d\u2019ores et d\u00e9j\u00e0 permis de f\u00e9d\u00e9rer les entrepreneurs du secteur organis\u00e9s en 7 fili\u00e8res : arts visuels et contemporains, musique, spectacle vivant, \u00e9dition et librairie, cin\u00e9ma, audiovisuel, \u00e9tablissements culturels et espaces pluridisciplinaires.<\/p>\n<p>A noter que les assises s\u2019organiseront en cinq panels permettant ainsi d\u2019aborder les th\u00e9matiques concr\u00e8tes autour des enjeux et des moyens de d\u00e9veloppement des industries culturelles et cr\u00e9atives. A travers une approche transparente, critique et constructive, les participants identifieront ensemble les synergies \u00e0 faire valoir pour cr\u00e9er un environnement favorable \u00e0 l\u2019\u00e9mergence d\u2019industries culturelles et cr\u00e9atives, efficientes et productives.<\/p>\n<\/div>\n<p>Auteur: ALM<br \/>\n<a href=\"http:\/\/aujourdhui.ma\/culture\/industries-culturelles-et-creatives-les-premieres-assises-en-octobre\">Cliquez ici pour lire l&rsquo;article depuis sa source.<\/a><\/p>\n","protected":false},"excerpt":{"rendered":"<p>Publi\u00e9 par ALM Date\u00a0:septembre 22, 2019 dans:Culture, Une 0 Vues Le Maroc s\u2019appr\u00eate \u00e0 abriter les premi\u00e8res assises des industries culturelles et cr\u00e9atives. Cet \u00e9v\u00e9nement fondateur se veut une initiative conjointe du minist\u00e8re de la culture et de la communication et de la F\u00e9d\u00e9ration des industries culturelles et cr\u00e9atives de la conf\u00e9d\u00e9ration g\u00e9n\u00e9rale des entreprises [&hellip;]<\/p>\n","protected":false},"author":1759,"featured_media":0,"comment_status":"closed","ping_status":"closed","sticky":false,"template":"","format":"standard","meta":{"fifu_image_url":"","fifu_image_alt":"","footnotes":""},"categories":[73,54],"tags":[],"class_list":["post-61917","post","type-post","status-publish","format-standard","hentry","category-actualite","category-maroc"],"_links":{"self":[{"href":"https:\/\/linitiative.ca\/International\/wp-json\/wp\/v2\/posts\/61917","targetHints":{"allow":["GET"]}}],"collection":[{"href":"https:\/\/linitiative.ca\/International\/wp-json\/wp\/v2\/posts"}],"about":[{"href":"https:\/\/linitiative.ca\/International\/wp-json\/wp\/v2\/types\/post"}],"author":[{"embeddable":true,"href":"https:\/\/linitiative.ca\/International\/wp-json\/wp\/v2\/users\/1759"}],"replies":[{"embeddable":true,"href":"https:\/\/linitiative.ca\/International\/wp-json\/wp\/v2\/comments?post=61917"}],"version-history":[{"count":0,"href":"https:\/\/linitiative.ca\/International\/wp-json\/wp\/v2\/posts\/61917\/revisions"}],"wp:attachment":[{"href":"https:\/\/linitiative.ca\/International\/wp-json\/wp\/v2\/media?parent=61917"}],"wp:term":[{"taxonomy":"category","embeddable":true,"href":"https:\/\/linitiative.ca\/International\/wp-json\/wp\/v2\/categories?post=61917"},{"taxonomy":"post_tag","embeddable":true,"href":"https:\/\/linitiative.ca\/International\/wp-json\/wp\/v2\/tags?post=61917"}],"curies":[{"name":"wp","href":"https:\/\/api.w.org\/{rel}","templated":true}]}}