{"id":61919,"date":"2019-09-22T06:29:23","date_gmt":"2019-09-22T10:29:23","guid":{"rendered":"https:\/\/linitiative.ca\/International\/la-coalition-du-printemps-de-la-dignite-expose-au-pps-son-memorandum-sur-le-projet-de-revision-du-code-penal\/"},"modified":"2019-09-22T06:29:23","modified_gmt":"2019-09-22T10:29:23","slug":"la-coalition-du-printemps-de-la-dignite-expose-au-pps-son-memorandum-sur-le-projet-de-revision-du-code-penal","status":"publish","type":"post","link":"https:\/\/linitiative.ca\/International\/la-coalition-du-printemps-de-la-dignite-expose-au-pps-son-memorandum-sur-le-projet-de-revision-du-code-penal\/","title":{"rendered":"La coalition du \u00abprintemps de la dignit\u00e9\u00bb expose au PPS son m\u00e9morandum sur le projet de r\u00e9vision du code p\u00e9nal"},"content":{"rendered":"<p class=\"c4\"><span class=\"c3\"><strong><span class=\"c2\"><img loading=\"lazy\" decoding=\"async\" class=\" wp-image-81404 alignleft\" src=\"http:\/\/albayane.press.ma\/wp-content\/uploads\/JOSSOUR-02jpg-230x130.jpg\" alt=\"\" width=\"221\" height=\"125\"\/>L<\/span>e Secr\u00e9taire g\u00e9n\u00e9ral du parti du progr\u00e8s et du socialisme, Mohamed Nabil Benabdallah, a re\u00e7u, jeudi \u00e0 Rabat, une d\u00e9l\u00e9gation de la coalition du \u00abprintemps de la dignit\u00e9\u00bb, conduite par sa coordinatrice Hayat N\u2019Dichi, qui lui a expos\u00e9 les grandes lignes du m\u00e9morandum de l\u2019association sur le projet de r\u00e9vision du code p\u00e9nal (loi 10.16).<\/strong><\/span><\/p>\n<p class=\"c4\">Le m\u00e9morandum en question traite de toutes les questions dont la peine de mort et l\u2019\u00e9pineuse question de son abolition dans la perspective d\u2019harmonier la l\u00e9gislation nationale en la mati\u00e8re avec les engagements internationaux du pays et des peines alternatives et des conditions d\u2019appliquer une telle mesure aux auteurs de crimes de viol ou de violence \u00e0 l\u2019\u00e9gard des femmes.<\/p>\n<p class=\"c4\">Il revient aussi en d\u00e9tail sur les dispositions du dit projet relatives \u00e0 l\u2019avortement et de la n\u00e9cessit\u00e9 d\u2019\u00e9tendre la possibilit\u00e9 pour la femme de recourir \u00e0 l\u2019interruption de grossesse en cas de besoin.<\/p>\n<p class=\"c4\">Il \u00e9voque aussi diverses autres questions visant \u00e0 la protection des femmes contre les violences de toute sorte.<\/p>\n<p class=\"c4\">R\u00e9agissant au plaidoyer de la coalition du printemps de la dignit\u00e9, le secr\u00e9taire g\u00e9n\u00e9ral du PPS a rappel\u00e9 que la d\u00e9fense de la cause de la femme fait partie des g\u00eanes du parti depuis sa cr\u00e9ation il y a plus de 70 ans.<\/p>\n<p class=\"c4\">Depuis lors, le parti n\u2019a cess\u00e9 de militer et de mobiliser ses forces pour l\u2019\u00e9mancipation de la femme marocaine, a-t-il rappel\u00e9, soulignant que le parti ne peut que soutenir l\u2019action de la coalition du printemps de la dignit\u00e9. C\u2019est pourquoi, il va porter un tel m\u00e9morandum pour le d\u00e9fendre partout il op\u00e8re et \u00e0 travers tous les canaux possibles. L\u00e0 o\u00f9 il s\u2019active, le PPS va appuyer les revendications et les propositions contenues dans ce m\u00e9morandum, \u00e9tant donn\u00e9 qu\u2019elles cadrent parfaitement avec les objectifs du projet de soci\u00e9t\u00e9 d\u00e9mocratique et progressiste qu\u2019il se fixe de r\u00e9aliser, en insufflant notamment un souffle d\u00e9mocratique nouveau au processus de d\u00e9mocratisation en cours.<\/p>\n<p class=\"c4\">Au cours du d\u00e9bat, qui a sanctionn\u00e9 cette rencontre, nombre de militantes sont intervenues pour appuyer tel ou tel propos et donner de plus amples explications. Pour la militante Faouzia Yassine, la Coalition du printemps arabe aurait souhait\u00e9 que l\u2019on proc\u00e8de \u00e0 une r\u00e9vision totale du code p\u00e9nal au lieu de se contenter de la r\u00e9vision de quelques dispositions.<\/p>\n<p class=\"c4\">Ce qui risque de faire trainer les choses et de renvoyer aux calendes grecques la r\u00e9vision de tous les textes du syst\u00e8me p\u00e9nal marocain. C\u2019est pourquoi, il est plus logique d\u2019arracher \u00e0 chaque fois que c\u2019est possible un acquis en la mati\u00e8re, a indiqu\u00e9 le SG du PPS, selon lequel une telle r\u00e9vision est un travail de grande haleine qui n\u00e9cessite entre autre une plus grande mobilisation de la soci\u00e9t\u00e9 civile au moment o\u00f9 les acteurs politiques brillent par leur timidit\u00e9.<\/p>\n<p class=\"c4\">Ont pris part \u00e0 cette rencontre du cot\u00e9 du PPS les membres du Bureau politique Charafat Afailal,\u00a0 Khadija El Baz, Ghizlane Maamri, Nadia Touhami, Aicha Lablak, pr\u00e9sidente du groupement parlementaire du parti \u00e0 la Chambre des repr\u00e9sentants, Fatima Zahra Barassat (d\u00e9put\u00e9e) et Touria Skalli (d\u00e9put\u00e9e) et du cot\u00e9 de la coalition Faouzia Yassine et Samira Bouhia de l\u2019association marocaine des droits humaines.<\/p>\n<p>Auteur: M&rsquo;hammed rahal<br \/>\n<a href=\"http:\/\/albayane.press.ma\/la-coalition-du-printemps-de-la-dignite-expose-au-pps-son-memorandum-sur-le-projet-de-revision-du-code-penal.html\">Cliquez ici pour lire l&rsquo;article depuis sa source.<\/a><\/p>\n","protected":false},"excerpt":{"rendered":"<p>Le Secr\u00e9taire g\u00e9n\u00e9ral du parti du progr\u00e8s et du socialisme, Mohamed Nabil Benabdallah, a re\u00e7u, jeudi \u00e0 Rabat, une d\u00e9l\u00e9gation de la coalition du \u00abprintemps de la dignit\u00e9\u00bb, conduite par sa coordinatrice Hayat N\u2019Dichi, qui lui a expos\u00e9 les grandes lignes du m\u00e9morandum de l\u2019association sur le projet de r\u00e9vision du code p\u00e9nal (loi 10.16). [&hellip;]<\/p>\n","protected":false},"author":1760,"featured_media":61920,"comment_status":"closed","ping_status":"closed","sticky":false,"template":"","format":"standard","meta":{"fifu_image_url":"","fifu_image_alt":"","footnotes":""},"categories":[73,54],"tags":[],"class_list":["post-61919","post","type-post","status-publish","format-standard","has-post-thumbnail","hentry","category-actualite","category-maroc"],"_links":{"self":[{"href":"https:\/\/linitiative.ca\/International\/wp-json\/wp\/v2\/posts\/61919","targetHints":{"allow":["GET"]}}],"collection":[{"href":"https:\/\/linitiative.ca\/International\/wp-json\/wp\/v2\/posts"}],"about":[{"href":"https:\/\/linitiative.ca\/International\/wp-json\/wp\/v2\/types\/post"}],"author":[{"embeddable":true,"href":"https:\/\/linitiative.ca\/International\/wp-json\/wp\/v2\/users\/1760"}],"replies":[{"embeddable":true,"href":"https:\/\/linitiative.ca\/International\/wp-json\/wp\/v2\/comments?post=61919"}],"version-history":[{"count":0,"href":"https:\/\/linitiative.ca\/International\/wp-json\/wp\/v2\/posts\/61919\/revisions"}],"wp:featuredmedia":[{"embeddable":true,"href":"https:\/\/linitiative.ca\/International\/wp-json\/"}],"wp:attachment":[{"href":"https:\/\/linitiative.ca\/International\/wp-json\/wp\/v2\/media?parent=61919"}],"wp:term":[{"taxonomy":"category","embeddable":true,"href":"https:\/\/linitiative.ca\/International\/wp-json\/wp\/v2\/categories?post=61919"},{"taxonomy":"post_tag","embeddable":true,"href":"https:\/\/linitiative.ca\/International\/wp-json\/wp\/v2\/tags?post=61919"}],"curies":[{"name":"wp","href":"https:\/\/api.w.org\/{rel}","templated":true}]}}