{"id":61922,"date":"2019-09-22T07:01:30","date_gmt":"2019-09-22T11:01:30","guid":{"rendered":"https:\/\/linitiative.ca\/International\/media-progres-lance-lactu24-com\/"},"modified":"2019-09-22T07:01:30","modified_gmt":"2019-09-22T11:01:30","slug":"media-progres-lance-lactu24-com","status":"publish","type":"post","link":"https:\/\/linitiative.ca\/International\/media-progres-lance-lactu24-com\/","title":{"rendered":"M\u00e9dia Progr\u00e8s lance Lactu24.com"},"content":{"rendered":"<p class=\"c3\"><span class=\"c2\"><strong>L\u2019information \u00e0 taille humaine<\/strong><\/span><\/p>\n<p class=\"c5\"><span class=\"c4\"><strong><span class=\"c2\"><img loading=\"lazy\" decoding=\"async\" class=\" wp-image-81409 alignleft\" src=\"http:\/\/albayane.press.ma\/wp-content\/uploads\/rdc-92-230x130.jpg\" alt=\"\" width=\"223\" height=\"126\"\/>P<\/span>eut-on encore s\u2019aventurer dans les sentiers boueux de l\u2019investissement dans les m\u00e9dias? La question est l\u00e9gitime, mais la r\u00e9ponse n\u2019est jamais \u00e9vidente. Le march\u00e9 est de plus en plus incertain, la l\u00e9gislation n\u2019est toujours pas \u00e0 jour, le mod\u00e8le \u00e9conomique instable et pourtant, on continue d\u2019esp\u00e9rer et de militer pour redresser la situation.<\/strong><\/span><\/p>\n<p class=\"c5\">Le lancement de Lactu24.com nous le confirme. Les combattants qui militent pour\u00a0 un journalisme professionnel, s\u00e9rieux et rigoureux, qui aspirent \u00e0 exercer leur profession et vivre leur passion dans des conditions \u00e9quitables et d\u00e9centes sont toujours parmi nous et n\u2019h\u00e9sitent\u00a0 pas \u00e0 se lancer dans l\u2019aventure \u00e0 chaque fois que l\u2019occasion le leur permet.<\/p>\n<p class=\"c5\">Apr\u00e8s le lancement de nafas.ma en arabe, M\u00e9dia Progr\u00e8s, ses fondateurs et ses journalistes, poursuivent leur aventure et lancent Lactu24.com dans la m\u00eame veine, anim\u00e9s par le m\u00eame id\u00e9al : redonner \u00e0 l\u2019acte d\u2019informer ses lettres de noblesse. \u00abNous voulons \u00eatre s\u00e9rieux, mais sans \u00eatre lourds \u00e0 dig\u00e9rer. La l\u00e9g\u00e8ret\u00e9 de certains, port\u00e9s par la recherche du buzz, quitte \u00e0 verser dans les \u00abfake news\u00bb, n\u2019est pas notre \u00abcr\u00e9do\u00bb. La messe est dite, place maintenant au travail et \u00e0 la concr\u00e9tisation de ce bel id\u00e9al.<\/p>\n<p class=\"c5\">Convaincus que les lecteurs, \u00abface \u00e0 la d\u00e9ferlante ambiante, ont aussi envie, voire besoin d\u2019\u00eatre pris au s\u00e9rieux\u00bb, les initiateurs de ce projet veulent se distinguer par une information \u00e0 taille humaine loin du combat st\u00e9rile et contreproductif de la course aux \u00abclics\u00bb et du \u00abbuzz\u00bb.<\/p>\n<p class=\"c5\">Le site est ainsi r\u00e9parti en deux grands axes : l\u2019actualit\u00e9 quotidienne, trait\u00e9e sobrement mais professionnellement, pour attirer et fid\u00e9liser les visiteurs et les papiers et vid\u00e9os magazine portant sur des th\u00e8mes choisis avec finesse comme attraction pour prolonger les visites des internautes. Ainsi, l\u2019actualit\u00e9 est r\u00e9partie selon des rubriques classiques : politique, \u00e9conomie, international, soci\u00e9t\u00e9, sports et culture alors que les rendez-vous hebdomadaires et bimensuels comme\u00a0 Ecodico, Start-top, Lifestyle, sant\u00e9 &#038; Bien-\u00eatre, mode&#038;beaut\u00e9, gastronomie, m\u00e9cano.<\/p>\n<p class=\"c5\">Les portraits des quadrag\u00e9naires qui ont leur mot \u00e0 dire pour le Maroc2030 repr\u00e9sentent l\u2019essentiel de la partie magazine du site.<\/p>\n<p class=\"c5\">Acquis aux valeurs de la libert\u00e9, du progr\u00e8s, de la modernit\u00e9, de la tol\u00e9rance, de l\u2019ouverture et du partage,\u00a0 les \u00e9quipes de Lactu24.com repr\u00e9sentent une alchimie parfaitement bien dos\u00e9e entre rigueur et ouverture. La direction de la publication est assur\u00e9e par M. Mahtat Rakas, vieux routier du secteur et membre du CNP, partisan de la rigueur infaillible en mati\u00e8re de respect de l\u2019\u00e9thique et de la d\u00e9ontologie de la profession alors que l\u2019animation des \u00e9quipes a \u00e9t\u00e9 confi\u00e9e \u00e0 Fatim-Zohra Hassani Alaoui, la r\u00e9dactrice en chef, travailleuse infatigable et perfectionniste notoire. Avec une \u00e9quipe jeune qui aspire \u00e0 sortir des sentiers battus, Lactu24.com promet d\u2019\u00eatre une belle aventure qui ira le plus loin possible. Nous lui souhaitons longue vie parmi nous.<\/p>\n<p class=\"c6\"><strong>Najib Amrani<\/strong><\/p>\n<p>Auteur: M&rsquo;hammed rahal<br \/>\n<a href=\"http:\/\/albayane.press.ma\/media-progres-lance-lactu24-com.html\">Cliquez ici pour lire l&rsquo;article depuis sa source.<\/a><\/p>\n","protected":false},"excerpt":{"rendered":"<p>L\u2019information \u00e0 taille humaine Peut-on encore s\u2019aventurer dans les sentiers boueux de l\u2019investissement dans les m\u00e9dias? La question est l\u00e9gitime, mais la r\u00e9ponse n\u2019est jamais \u00e9vidente. Le march\u00e9 est de plus en plus incertain, la l\u00e9gislation n\u2019est toujours pas \u00e0 jour, le mod\u00e8le \u00e9conomique instable et pourtant, on continue d\u2019esp\u00e9rer et de militer pour redresser [&hellip;]<\/p>\n","protected":false},"author":1760,"featured_media":61923,"comment_status":"closed","ping_status":"closed","sticky":false,"template":"","format":"standard","meta":{"fifu_image_url":"","fifu_image_alt":"","footnotes":""},"categories":[73,54],"tags":[],"class_list":["post-61922","post","type-post","status-publish","format-standard","has-post-thumbnail","hentry","category-actualite","category-maroc"],"_links":{"self":[{"href":"https:\/\/linitiative.ca\/International\/wp-json\/wp\/v2\/posts\/61922","targetHints":{"allow":["GET"]}}],"collection":[{"href":"https:\/\/linitiative.ca\/International\/wp-json\/wp\/v2\/posts"}],"about":[{"href":"https:\/\/linitiative.ca\/International\/wp-json\/wp\/v2\/types\/post"}],"author":[{"embeddable":true,"href":"https:\/\/linitiative.ca\/International\/wp-json\/wp\/v2\/users\/1760"}],"replies":[{"embeddable":true,"href":"https:\/\/linitiative.ca\/International\/wp-json\/wp\/v2\/comments?post=61922"}],"version-history":[{"count":0,"href":"https:\/\/linitiative.ca\/International\/wp-json\/wp\/v2\/posts\/61922\/revisions"}],"wp:featuredmedia":[{"embeddable":true,"href":"https:\/\/linitiative.ca\/International\/wp-json\/"}],"wp:attachment":[{"href":"https:\/\/linitiative.ca\/International\/wp-json\/wp\/v2\/media?parent=61922"}],"wp:term":[{"taxonomy":"category","embeddable":true,"href":"https:\/\/linitiative.ca\/International\/wp-json\/wp\/v2\/categories?post=61922"},{"taxonomy":"post_tag","embeddable":true,"href":"https:\/\/linitiative.ca\/International\/wp-json\/wp\/v2\/tags?post=61922"}],"curies":[{"name":"wp","href":"https:\/\/api.w.org\/{rel}","templated":true}]}}