{"id":61924,"date":"2019-09-22T07:08:45","date_gmt":"2019-09-22T11:08:45","guid":{"rendered":"https:\/\/linitiative.ca\/International\/fouzi-lekjaa-sengage-a-soutenir-le-secteur-les-entreprises-de-presse\/"},"modified":"2019-09-22T07:08:45","modified_gmt":"2019-09-22T11:08:45","slug":"fouzi-lekjaa-sengage-a-soutenir-le-secteur-les-entreprises-de-presse","status":"publish","type":"post","link":"https:\/\/linitiative.ca\/International\/fouzi-lekjaa-sengage-a-soutenir-le-secteur-les-entreprises-de-presse\/","title":{"rendered":"Fouzi Lekjaa s\u2019engage \u00e0 soutenir le secteur les entreprises de Presse"},"content":{"rendered":"<p class=\"c4\"><span class=\"c3\"><strong><span class=\"c2\">L<\/span>e minist\u00e8re de l\u2019Economie et des Finances semble semble d\u00e9termin\u00e9 \u00e0 soutenir le chantier de la r\u00e9habilitation et de la restructuration du secteur de la presse.<\/strong><\/span><\/p>\n<p class=\"c4\">C\u2019est ce qui ressort d\u2019une r\u00e9union de travail \u00a0tenue, jeudi 19 septembre, entre des directeurs de la presse \u00e9crite et \u00e9lectronique, repr\u00e9sentant la\u00a0 F\u00e9d\u00e9ration marocaine des \u00e9diteurs de journaux (FMEJ)\u00a0 et Faouzi Lekjaa, directeur du budget au d\u00e9partement des Finances.<\/p>\n<p class=\"c4\">Cette rencontre a permis aux deux parties de mettre le point sur la dure r\u00e9alit\u00e9 quotidienne des entreprises de presse, les d\u00e9fis \u00e0 relever et les mesures \u00e0 m\u00eame de r\u00e9habiliter le secteur.\u00a0 Le directeur du budget, tout en \u00e9voquant quelques aspects du contexte national qui sont li\u00e9s \u00e0 la presse et les d\u00e9fis qui s\u2019imposent, a affich\u00e9 la volont\u00e9 de son d\u00e9partement de contribuer \u00e0 la r\u00e9habilitation du secteur en vue de trouver des solutions efficaces \u00a0\u00e0 l\u2019ensemble des probl\u00e8mes persistants.<\/p>\n<p class=\"c4\">D\u2019ailleurs,\u00a0 il a appel\u00e9 les membres de la FMEJ et les entreprises op\u00e9rant dans le secteur d\u2019\u00eatre pr\u00e9sents sur tous les fronts conform\u00e9ment \u00e0 une logique de compl\u00e9mentarit\u00e9 et ce sur la base des indicateurs scientifiques et\u00a0 des objectifs bien\u00a0 pr\u00e9cis.<\/p>\n<p class=\"c4\">Les deux parties,\u00a0 apr\u00e8s avoir pass\u00e9e en revue les probl\u00e9matiques entravant l\u2019\u00e9volution du secteur, notamment celles relatives \u00e0 la subvention publique, le co\u00fbt de production du journal, entre autres, se sont convenues de\u00a0 travailler en collaboration \u00a0avec le minist\u00e8re de la culture et de la communication afin de parachever le cadre juridique et r\u00e9glementaire et la mise en place d\u2019une planification strat\u00e9gique int\u00e9gr\u00e9e.<\/p>\n<p class=\"c4\">Les \u00e9diteurs pr\u00e9sents \u00e0 la r\u00e9union, ont exprim\u00e9 leur satisfaction quant au climat positif\u00a0 qui a entour\u00e9 la r\u00e9union notamment en ce qui concerne la volont\u00e9 de la coop\u00e9ration exprim\u00e9e par le directeur du budget pour accompagner la r\u00e9habilitation et le d\u00e9veloppement des entreprises de presse.<\/p>\n<p class=\"c4\">Notons par ailleurs, que la pr\u00e9sidente de la FMEJ, Bahia Amrani, s\u2019est f\u00e9licit\u00e9e, au d\u00e9but de la r\u00e9union, de l\u2019esprit coop\u00e9ratif du responsable du minist\u00e8re tout en ayant expos\u00e9 les d\u00e9fis qui guettent le secteur et la vision de son instance pour la promotion et le d\u00e9veloppement\u00a0 de l\u2019entreprise de presse.<\/p>\n<p class=\"c5\"><strong>\u00a0Khalid Darfaf<\/strong><\/p>\n<p>Auteur: M&rsquo;hammed rahal<br \/>\n<a href=\"http:\/\/albayane.press.ma\/fouzi-lekjaa-sengage-a-soutenir-le-secteur-les-entreprises-de-presse.html\">Cliquez ici pour lire l&rsquo;article depuis sa source.<\/a><\/p>\n","protected":false},"excerpt":{"rendered":"<p>Le minist\u00e8re de l\u2019Economie et des Finances semble semble d\u00e9termin\u00e9 \u00e0 soutenir le chantier de la r\u00e9habilitation et de la restructuration du secteur de la presse. C\u2019est ce qui ressort d\u2019une r\u00e9union de travail \u00a0tenue, jeudi 19 septembre, entre des directeurs de la presse \u00e9crite et \u00e9lectronique, repr\u00e9sentant la\u00a0 F\u00e9d\u00e9ration marocaine des \u00e9diteurs de journaux [&hellip;]<\/p>\n","protected":false},"author":1760,"featured_media":0,"comment_status":"closed","ping_status":"closed","sticky":false,"template":"","format":"standard","meta":{"fifu_image_url":"","fifu_image_alt":"","footnotes":""},"categories":[73,54],"tags":[],"class_list":["post-61924","post","type-post","status-publish","format-standard","hentry","category-actualite","category-maroc"],"_links":{"self":[{"href":"https:\/\/linitiative.ca\/International\/wp-json\/wp\/v2\/posts\/61924","targetHints":{"allow":["GET"]}}],"collection":[{"href":"https:\/\/linitiative.ca\/International\/wp-json\/wp\/v2\/posts"}],"about":[{"href":"https:\/\/linitiative.ca\/International\/wp-json\/wp\/v2\/types\/post"}],"author":[{"embeddable":true,"href":"https:\/\/linitiative.ca\/International\/wp-json\/wp\/v2\/users\/1760"}],"replies":[{"embeddable":true,"href":"https:\/\/linitiative.ca\/International\/wp-json\/wp\/v2\/comments?post=61924"}],"version-history":[{"count":0,"href":"https:\/\/linitiative.ca\/International\/wp-json\/wp\/v2\/posts\/61924\/revisions"}],"wp:attachment":[{"href":"https:\/\/linitiative.ca\/International\/wp-json\/wp\/v2\/media?parent=61924"}],"wp:term":[{"taxonomy":"category","embeddable":true,"href":"https:\/\/linitiative.ca\/International\/wp-json\/wp\/v2\/categories?post=61924"},{"taxonomy":"post_tag","embeddable":true,"href":"https:\/\/linitiative.ca\/International\/wp-json\/wp\/v2\/tags?post=61924"}],"curies":[{"name":"wp","href":"https:\/\/api.w.org\/{rel}","templated":true}]}}