{"id":61925,"date":"2019-09-22T13:04:02","date_gmt":"2019-09-22T17:04:02","guid":{"rendered":"https:\/\/linitiative.ca\/International\/le-festival-du-melhoun-de-mostaganem-un-espace-pour-preserver-lhistoire-de-cette-expression-populaire\/"},"modified":"2019-09-22T13:04:02","modified_gmt":"2019-09-22T17:04:02","slug":"le-festival-du-melhoun-de-mostaganem-un-espace-pour-preserver-lhistoire-de-cette-expression-populaire","status":"publish","type":"post","link":"https:\/\/linitiative.ca\/International\/le-festival-du-melhoun-de-mostaganem-un-espace-pour-preserver-lhistoire-de-cette-expression-populaire\/","title":{"rendered":"Le festival du Melhoun de Mostaganem, un espace pour pr\u00e9server l\u2019histoire de cette expression populaire\u00a0"},"content":{"rendered":"<div>\n<div class=\"K2FeedImage\"><img decoding=\"async\" src=\"http:\/\/www.aps.dz\/media\/k2\/items\/cache\/b2ac9865f5961decf5904eca499924b4_S.jpg\" alt=\"Le festival du Melhoun de Mostaganem, un espace pour pr\u00e9server l\u2019histoire de cette expression populaire\u00a0\"><\/div>\n<div class=\"K2FeedIntroText\">\n<p><strong>MOSTAGANEM- Le commissaire du festival culturel national de po\u00e9sie Melhoun d\u00e9di\u00e9 \u00e0 Sidi Lakhdar Benkhelouf, Abdelkader Bendaamache a soulign\u00e9, samedi \u00e0 Mostaganem, que cette manifestation culturelle dont la 7e \u00e9dition s&rsquo;ouvrira bient\u00f4t, est devenue un espace d\u2019expression orale de la po\u00e9sie Mlehoun visant \u00e0 pr\u00e9server l\u2019histoire et les notions de cette mati\u00e8re litt\u00e9raire populaire.<\/strong><\/p>\n<\/div>\n<div class=\"K2FeedFullText\">\n<p>Animant une conf\u00e9rence de presse au th\u00e9\u00e2tre r\u00e9gional \u00ab\u00a0Djilalli Benabdelhalim\u00a0\u00bb, M. Bendaamache a d\u00e9clar\u00e9 que cette manifestation s\u2019est transform\u00e9e apr\u00e8s 7 ans de sa cr\u00e9ation, d\u2019une rencontre regroupant des po\u00e8tes et hommes de lettres de diff\u00e9rents wilayas du pays en une manifestation de recherche scientifique sur ce patrimoine immat\u00e9riel pour sa pr\u00e9servation contre la disparition.<\/p>\n<p>La 7e \u00e9dition, qui se tiendra du 25 au 27 septembre en cours, verra la participation de 16 po\u00e8tes du melhoun, 18 chanteurs de b\u00e9doui, oranais, chaabi, hawzi et aroubi outre 11 chercheurs universitaires en patrimoine et culture populaire, a indiqu\u00e9 le commissaire du festival.<\/p>\n<blockquote>\n<p><em><strong>La nouveaut\u00e9 de cette \u00e9dition est la publication des \u0153uvres du colloque national \u00ab\u00a0po\u00e9sie melhoun, un patrimoine vivant\u00a0\u00bb, organis\u00e9 l\u2019ann\u00e9e derni\u00e8re, dans un ouvrage de 130 pages, ainsi que la tenue d\u2019un nouveau colloque national sur \u00ab\u00a0la contribution de la po\u00e9sie Melhoun dans l\u2019histoire\u00a0\u00bb le 26 septembre \u00e0 la biblioth\u00e8que principale de lecture publique \u00ab\u00a0Dr Moulay Belhamissi\u00a0\u00bb de Mostaganem.<\/strong><\/em><\/p>\n<\/blockquote>\n<p>Le programme du festival comporte la pr\u00e9sentation d\u2019un montage musical du compositeur Amine Cheikh, la projection de deux films documentaires sur les personnalit\u00e9s honor\u00e9es cette ann\u00e9e, le po\u00e8te Belkacem Ould Said (1883-1945) et Zerrouk Daghfali (1949-2006) a fait savoir le commissaire du festival.<\/p>\n<p>Le public de Mostaganem sera au rendez-vous avec trois soir\u00e9es artistiques anim\u00e9es par des artistes dont Abdelkader Chaou, Faycal Benkrizi, Abdelkader Cherchem, Amine Houk et cheikhs du bedoui Charef Kebabi, Ould Houari, Bendehiba El Bouguirati et Ahmed El Relizani.<\/p>\n<p>\u00a0<\/p>\n<\/div>\n<\/div>\n<p>Auteur:<br \/>\n<a href=\"http:\/\/www.aps.dz\/culture\/94661-le-festival-national-du-melhoun-de-mostaganem-un-espace-pour-preserver-l-histoire-de-cette-expression-populaire\">Cliquez ici pour lire l&rsquo;article depuis sa source.<\/a><\/p>\n","protected":false},"excerpt":{"rendered":"<p>MOSTAGANEM- Le commissaire du festival culturel national de po\u00e9sie Melhoun d\u00e9di\u00e9 \u00e0 Sidi Lakhdar Benkhelouf, Abdelkader Bendaamache a soulign\u00e9, samedi \u00e0 Mostaganem, que cette manifestation culturelle dont la 7e \u00e9dition s&rsquo;ouvrira bient\u00f4t, est devenue un espace d\u2019expression orale de la po\u00e9sie Mlehoun visant \u00e0 pr\u00e9server l\u2019histoire et les notions de cette mati\u00e8re litt\u00e9raire populaire. Animant [&hellip;]<\/p>\n","protected":false},"author":1790,"featured_media":61926,"comment_status":"closed","ping_status":"closed","sticky":false,"template":"","format":"standard","meta":{"fifu_image_url":"","fifu_image_alt":"","footnotes":""},"categories":[53,79],"tags":[],"class_list":["post-61925","post","type-post","status-publish","format-standard","has-post-thumbnail","hentry","category-algerie","category-culture"],"_links":{"self":[{"href":"https:\/\/linitiative.ca\/International\/wp-json\/wp\/v2\/posts\/61925","targetHints":{"allow":["GET"]}}],"collection":[{"href":"https:\/\/linitiative.ca\/International\/wp-json\/wp\/v2\/posts"}],"about":[{"href":"https:\/\/linitiative.ca\/International\/wp-json\/wp\/v2\/types\/post"}],"author":[{"embeddable":true,"href":"https:\/\/linitiative.ca\/International\/wp-json\/wp\/v2\/users\/1790"}],"replies":[{"embeddable":true,"href":"https:\/\/linitiative.ca\/International\/wp-json\/wp\/v2\/comments?post=61925"}],"version-history":[{"count":0,"href":"https:\/\/linitiative.ca\/International\/wp-json\/wp\/v2\/posts\/61925\/revisions"}],"wp:featuredmedia":[{"embeddable":true,"href":"https:\/\/linitiative.ca\/International\/wp-json\/"}],"wp:attachment":[{"href":"https:\/\/linitiative.ca\/International\/wp-json\/wp\/v2\/media?parent=61925"}],"wp:term":[{"taxonomy":"category","embeddable":true,"href":"https:\/\/linitiative.ca\/International\/wp-json\/wp\/v2\/categories?post=61925"},{"taxonomy":"post_tag","embeddable":true,"href":"https:\/\/linitiative.ca\/International\/wp-json\/wp\/v2\/tags?post=61925"}],"curies":[{"name":"wp","href":"https:\/\/api.w.org\/{rel}","templated":true}]}}