{"id":61929,"date":"2019-09-22T09:37:00","date_gmt":"2019-09-22T13:37:00","guid":{"rendered":"https:\/\/linitiative.ca\/International\/94-cas-dintoxication-alimentaire-enregistres-a-oran\/"},"modified":"2019-09-22T09:37:00","modified_gmt":"2019-09-22T13:37:00","slug":"94-cas-dintoxication-alimentaire-enregistres-a-oran","status":"publish","type":"post","link":"https:\/\/linitiative.ca\/International\/94-cas-dintoxication-alimentaire-enregistres-a-oran\/","title":{"rendered":"94 cas d\u2019intoxication alimentaire enregistr\u00e9s \u00e0 Oran"},"content":{"rendered":"<div id=\"originalText\" readability=\"44\">\n<p>Quatre-vingt-quatorze personnes dont sept enfants ont \u00e9t\u00e9 victimes d\u2019une intoxication alimentaire, apr\u00e8s avoir pris des repas dans deux fast-foods \u00e0 Oran, a appris l\u2019APS de la cellule de communication du Centre Hospitalier et Universitaire d\u2019Oran.<\/p>\n<p>Les 94 victimes ont afflu\u00e9 \u00e0 partir du samedi soir jusqu\u2019\u00e0 dimanche matin au service des urgences m\u00e9dico-chirurgicales (UMC) du CHU Oran, o\u00f9 elles ont \u00e9t\u00e9 prises en charge. La plupart des victimes ont quitt\u00e9 l\u2019h\u00f4pital apr\u00e8s avoir re\u00e7u les soins n\u00e9cessaires, tandis que sept personnes ont \u00e9t\u00e9 gard\u00e9es au niveau du service des maladies infectieuses pour un meilleur suivi, a rapport\u00e9 la m\u00eame source.<\/p>\n<p class=\"c10\"><strong>R\u00e9daction Web<\/strong><\/p>\n<\/div>\n<div id=\"text_core\" readability=\"44\">\n<p>Quatre-vingt-quatorze personnes dont sept enfants ont \u00e9t\u00e9 victimes d\u2019une intoxication alimentaire, apr\u00e8s avoir pris des repas dans deux fast-foods \u00e0 Oran, a appris l\u2019APS de la cellule de communication du Centre Hospitalier et Universitaire d\u2019Oran.<\/p>\n<p>Les 94 victimes ont afflu\u00e9 \u00e0 partir du samedi soir jusqu\u2019\u00e0 dimanche matin au service des urgences m\u00e9dico-chirurgicales (UMC) du CHU Oran, o\u00f9 elles ont \u00e9t\u00e9 prises en charge. La plupart des victimes ont quitt\u00e9 l\u2019h\u00f4pital apr\u00e8s avoir re\u00e7u les soins n\u00e9cessaires, tandis que sept personnes ont \u00e9t\u00e9 gard\u00e9es au niveau du service des maladies infectieuses pour un meilleur suivi, a rapport\u00e9 la m\u00eame source.<\/p>\n<p class=\"c10\"><strong>R\u00e9daction Web<\/strong><\/p>\n<\/div>\n<p>Auteur:<br \/>\n<a href=\"https:\/\/www.liberte-algerie.com\/actualite\/94-cas-dintoxication-alimentaire-enregistres-a-oran-324449\">Cliquez ici pour lire l&rsquo;article depuis sa source.<\/a><\/p>\n","protected":false},"excerpt":{"rendered":"<p>Quatre-vingt-quatorze personnes dont sept enfants ont \u00e9t\u00e9 victimes d\u2019une intoxication alimentaire, apr\u00e8s avoir pris des repas dans deux fast-foods \u00e0 Oran, a appris l\u2019APS de la cellule de communication du Centre Hospitalier et Universitaire d\u2019Oran. Les 94 victimes ont afflu\u00e9 \u00e0 partir du samedi soir jusqu\u2019\u00e0 dimanche matin au service des urgences m\u00e9dico-chirurgicales (UMC) du [&hellip;]<\/p>\n","protected":false},"author":1742,"featured_media":0,"comment_status":"closed","ping_status":"closed","sticky":false,"template":"","format":"standard","meta":{"fifu_image_url":"","fifu_image_alt":"","footnotes":""},"categories":[73,53],"tags":[],"class_list":["post-61929","post","type-post","status-publish","format-standard","hentry","category-actualite","category-algerie"],"_links":{"self":[{"href":"https:\/\/linitiative.ca\/International\/wp-json\/wp\/v2\/posts\/61929","targetHints":{"allow":["GET"]}}],"collection":[{"href":"https:\/\/linitiative.ca\/International\/wp-json\/wp\/v2\/posts"}],"about":[{"href":"https:\/\/linitiative.ca\/International\/wp-json\/wp\/v2\/types\/post"}],"author":[{"embeddable":true,"href":"https:\/\/linitiative.ca\/International\/wp-json\/wp\/v2\/users\/1742"}],"replies":[{"embeddable":true,"href":"https:\/\/linitiative.ca\/International\/wp-json\/wp\/v2\/comments?post=61929"}],"version-history":[{"count":0,"href":"https:\/\/linitiative.ca\/International\/wp-json\/wp\/v2\/posts\/61929\/revisions"}],"wp:attachment":[{"href":"https:\/\/linitiative.ca\/International\/wp-json\/wp\/v2\/media?parent=61929"}],"wp:term":[{"taxonomy":"category","embeddable":true,"href":"https:\/\/linitiative.ca\/International\/wp-json\/wp\/v2\/categories?post=61929"},{"taxonomy":"post_tag","embeddable":true,"href":"https:\/\/linitiative.ca\/International\/wp-json\/wp\/v2\/tags?post=61929"}],"curies":[{"name":"wp","href":"https:\/\/api.w.org\/{rel}","templated":true}]}}