{"id":61932,"date":"2019-09-22T06:34:10","date_gmt":"2019-09-22T10:34:10","guid":{"rendered":"https:\/\/linitiative.ca\/International\/plaidoyer-en-faveur-de-la-promotion-de-lart-gnaoui\/"},"modified":"2019-09-22T06:34:10","modified_gmt":"2019-09-22T10:34:10","slug":"plaidoyer-en-faveur-de-la-promotion-de-lart-gnaoui","status":"publish","type":"post","link":"https:\/\/linitiative.ca\/International\/plaidoyer-en-faveur-de-la-promotion-de-lart-gnaoui\/","title":{"rendered":"Plaidoyer en faveur de la promotion de l\u2019art gnaoui"},"content":{"rendered":"<div readability=\"39\">\n<p>Essaouira- Les participants \u00e0 un forum-d\u00e9bat, organis\u00e9 samedi \u00e0 Essaouira, ont plaid\u00e9 en faveur de la promotion et de la valorisation de l\u2019art gnaoui en tant que vecteur de coexistence et de vivre-ensemble, tout en s\u2019int\u00e9ressant \u00e0 ses diff\u00e9rentes dimensions soufie, musulmane ou juda\u00efque.<\/p>\n<\/div>\n<div readability=\"156\">\n<p>\u00ab\u00a0Le legs gnaoui, en tant que culture, art et mode de vie, incarne toutes ces valeurs de tol\u00e9rance, de coexistence et du vivre-ensemble qui constituent l\u2019ADN d\u2019Essaouira, d\u2019o\u00f9 la n\u00e9cessit\u00e9 de promouvoir ce patrimoine en tant que tout indivisible o\u00f9 s\u2019interf\u00e8rent et s\u2019imbriquent toutes les dimensions soufie (celle des confr\u00e9ries), juda\u00efque (esprits sabatiens), africaine, musulmane, arabe, amazighe et autres\u00a0\u00bb, ont ajout\u00e9 les participants \u00e0 ce forum plac\u00e9 sous le th\u00e8me \u00ab\u00a0r\u00f4le du patrimoine gnaoui dans la manifestation de la convivialit\u00e9, l\u2019harmonie et le dialogue interculturel et interconfessionnel\u00a0\u00bb.<\/p>\n<p>Dans la foul\u00e9e, les participants \u00e0 cette rencontre, initi\u00e9e par l\u2019Association Origines Gnaoua en partenariat avec l\u2019Association\u00a0Essaouira-Mogador, ont ajout\u00e9 que l\u2019art gnaoui au niveau d\u2019Essaouira\u00a0est l\u2019un des espaces qui incarne cette capillarit\u00e9 entre musulmans et juifs qui, par le pass\u00e9, prenaient part ensemble \u00e0 des soir\u00e9es gnaouies, o\u00f9 les invocations de Dieu et du proph\u00e8te Sidna Mohamed (PSL) comme celles des esprits Sabatiens, se faisaient dans une convivialit\u00e9 absolue pour le bonheur et le bien-\u00eatre de tous\u00a0\u00bb.<\/p>\n<p>Et de poursuivre que la ville d\u2019Essaouira\u00a0et les autres villes du Maroc ont \u00e9t\u00e9 et resteront \u00e0 jamais ce havre de paix, de tol\u00e9rance, d\u2019ouverture, de coexistence pacifique et de dialogue entre les cultures et les religions, faisant observer que la culture gnaouie tout comme la culture et les arts de mani\u00e8re g\u00e9n\u00e9rale ont largement contribu\u00e9 \u00e0 la dynamique touristique culturelle et \u00e0 l\u2019attractivit\u00e9 de la ville.<\/p>\n<p>La p\u00e9rennisation de la culture gnaouie comme un tout indivisible rel\u00e8ve de la responsabilit\u00e9 de tous car il y va de la conservation d\u2019une partie du patrimoine national, ont-ils estim\u00e9, plaidant en faveur de l\u2019implication de tous les acteurs dans cet effort de valorisation qui n\u00e9cessite d\u2019encourager les recherches dans ce domaine et d\u2019immortaliser ce patrimoine \u00e0 travers son enregistrement sonore.<\/p>\n<p>Introduisant les d\u00e9bats, M. Ahmed Harrouz, au nom de l\u2019Association\u00a0Essaouira-Mogador, s\u2019est f\u00e9licit\u00e9 de l\u2019organisation de ce forum-d\u00e9bat sur l\u2019art gnaoui en g\u00e9n\u00e9ral ainsi que sur le rituel des \u00a0\u00bbesprits Sabatiens\u00a0\u00bb en particulier, insistant sur la n\u00e9cessit\u00e9 de s\u2019int\u00e9resser davantage \u00e0 certaines questions qui risquent de disparaitre, en l\u2019occurrence cet aspect juda\u00efque dans l\u2019art gnaoui.<\/p>\n<p>Dans ce sens, il a mis en avant l\u2019importance de s\u2019int\u00e9resser davantage \u00e0 la promotion et \u00e0 la valorisation de la culture gnaouie dans son ensemble, d\u2019encourager les jeunes \u00e0 mener des recherches dans ce sens, de les accompagner, de les encadrer, et de mettre \u00e0 leur disposition tous les moyens n\u00e9cessaires car il y va de la transmission de cet art aux g\u00e9n\u00e9rations montantes et par l\u00e0, sa pr\u00e9servation et sa p\u00e9rennisation\u00a0\u00bb.<\/p>\n<p>M. Hassan El Ayach, chercheur et l\u2019un des sp\u00e9cialistes de la m\u00e9moire collective de la ville d\u2019Essaouira, s\u2019est attard\u00e9, quant \u00e0 lui, sur les aspects particuliers de la ville d\u2019Essaouira-Mogador et les images que cette belle cit\u00e9 ne cesse de transmettre au monde sur ce que doit \u00eatre la coexistence et le vivre-ensemble entre musulmans, juifs, chr\u00e9tiens et autres.<\/p>\n<p>Dans le m\u00eame sillage, il a rappel\u00e9 cette ambiance de convivialit\u00e9 et de fraternit\u00e9 dans laquelle vivaient musulmans et juifs ainsi que cette culture du partage et du vivre-ensemble qui caract\u00e9risait les relations humaines \u00e0\u00a0Essaouira, rappelant que l\u2019affluent h\u00e9breu constitue une partie int\u00e9grante de l\u2019identit\u00e9 nationale et que le Maroc demeurera riche par la diversit\u00e9 de sa culture dans l\u2019unit\u00e9.<\/p>\n<p>Les Grands M\u00e2alems \u00e0 savoir Hamid Dekkaki (F\u00e8s), Essadik El Aarch (Essaouira), et Sa\u00efd Bourlhimes ont, \u00e0 tour de r\u00f4le, subjugu\u00e9 l\u2019assistance \u00e0 travers l\u2019interpr\u00e9tation d\u2019un floril\u00e8ge de morceaux tir\u00e9s du r\u00e9pertoire gnaoui ancestral, en mettant en avant cette dimension juda\u00efque riche et singuli\u00e8re telle qu\u2019apparente via, par exemple, certaines chansons contenant les pr\u00e9noms de c\u00e9l\u00e8bres commer\u00e7ants ou saints juifs ayant v\u00e9cu \u00e0\u00a0Essaouira\u00a0ou \u00e0 F\u00e8s.<\/p>\n<p>M. Anas Azza, pr\u00e9sident de l\u2019Association \u00ab\u00a0Origines Gnaoua\u00a0Essaouira\u00a0\u00bb, a donn\u00e9 un aper\u00e7u sur son association et les missions qu\u2019elle s\u2019est fix\u00e9es en vue de la pr\u00e9servation et de la promotion de l\u2019art gnaoui dans son ensemble, insistant sur la n\u00e9cessit\u00e9 d\u2019encourager ce genre de rencontres et de d\u00e9bats destin\u00e9s \u00e0 mettre en lumi\u00e8re une partie de cette culture tomb\u00e9e en d\u00e9su\u00e9tude.<\/p>\n<p>Tout en rappelant que Gnaoua est un style de vie et une philosophie, il a invit\u00e9 les jeunes \u00e0 s\u2019impliquer davantage dans tous les efforts visant d\u2019abord \u00e0 prendre connaissance du patrimoine existant y compris celui gnaoui, et de s\u2019investir pleinement dans sa pr\u00e9servation car il y va de la pr\u00e9servation de l\u2019identit\u00e9 nationale. M. Azza a estim\u00e9 qu\u2019un effort intellectuel consid\u00e9rable doit \u00eatre consenti pour assurer une transmission \u00ab\u00a0fiable\u00a0\u00bb de ce patrimoine aux prochaines g\u00e9n\u00e9rations.<\/p>\n<p>Baptis\u00e9 \u00a0\u00bbForum Patrimoine et Coexistence\u00a0\u00bb, cette rencontre co\u00efncide avec la c\u00e9l\u00e9bration \u00e0\u00a0Essaouira, par la communaut\u00e9 marocaine de confession juive d\u2019ici et d\u2019ailleurs, de la Hiloula de Rabbi Ha\u00efm Pinto.<\/p>\n<p>Dans l\u2019esprit de l\u2019association \u00ab\u00a0Origines Gnaoua\u00a0Essaouira\u00a0\u00bb, telle que fond\u00e9e sur le d\u00e9sir de d\u00e9velopper des liens de fraternit\u00e9 et de convivialit\u00e9 entre diff\u00e9rentes cultures et religions, il a \u00e9t\u00e9 d\u00e9cid\u00e9 de comm\u00e9morer, samedi soir une \u00ab\u00a0Nuit Gnaouie\u00a0\u00bb int\u00e9grant les rituels gnaouis juifs (des esprits sabatiens).<\/p>\n<\/div>\n<p>Auteur: Mohammed KOURSI<br \/>\n<a href=\"http:\/\/www.mapmarrakech.ma\/fr\/essaouira-plaidoyer-en-faveur-de-la-promotion-de-lart-gnaoui\/\">Cliquez ici pour lire l&rsquo;article depuis sa source.<\/a><\/p>\n","protected":false},"excerpt":{"rendered":"<p>Essaouira- Les participants \u00e0 un forum-d\u00e9bat, organis\u00e9 samedi \u00e0 Essaouira, ont plaid\u00e9 en faveur de la promotion et de la valorisation de l\u2019art gnaoui en tant que vecteur de coexistence et de vivre-ensemble, tout en s\u2019int\u00e9ressant \u00e0 ses diff\u00e9rentes dimensions soufie, musulmane ou juda\u00efque. \u00ab\u00a0Le legs gnaoui, en tant que culture, art et mode de [&hellip;]<\/p>\n","protected":false},"author":1788,"featured_media":0,"comment_status":"closed","ping_status":"closed","sticky":false,"template":"","format":"standard","meta":{"fifu_image_url":"","fifu_image_alt":"","footnotes":""},"categories":[54,76],"tags":[],"class_list":["post-61932","post","type-post","status-publish","format-standard","hentry","category-maroc","category-regions"],"_links":{"self":[{"href":"https:\/\/linitiative.ca\/International\/wp-json\/wp\/v2\/posts\/61932","targetHints":{"allow":["GET"]}}],"collection":[{"href":"https:\/\/linitiative.ca\/International\/wp-json\/wp\/v2\/posts"}],"about":[{"href":"https:\/\/linitiative.ca\/International\/wp-json\/wp\/v2\/types\/post"}],"author":[{"embeddable":true,"href":"https:\/\/linitiative.ca\/International\/wp-json\/wp\/v2\/users\/1788"}],"replies":[{"embeddable":true,"href":"https:\/\/linitiative.ca\/International\/wp-json\/wp\/v2\/comments?post=61932"}],"version-history":[{"count":0,"href":"https:\/\/linitiative.ca\/International\/wp-json\/wp\/v2\/posts\/61932\/revisions"}],"wp:attachment":[{"href":"https:\/\/linitiative.ca\/International\/wp-json\/wp\/v2\/media?parent=61932"}],"wp:term":[{"taxonomy":"category","embeddable":true,"href":"https:\/\/linitiative.ca\/International\/wp-json\/wp\/v2\/categories?post=61932"},{"taxonomy":"post_tag","embeddable":true,"href":"https:\/\/linitiative.ca\/International\/wp-json\/wp\/v2\/tags?post=61932"}],"curies":[{"name":"wp","href":"https:\/\/api.w.org\/{rel}","templated":true}]}}