{"id":61933,"date":"2019-09-22T09:00:59","date_gmt":"2019-09-22T13:00:59","guid":{"rendered":"https:\/\/linitiative.ca\/International\/lart-gnaoui-au-service-du-dialogue-interconfessionnel\/"},"modified":"2019-09-22T09:00:59","modified_gmt":"2019-09-22T13:00:59","slug":"lart-gnaoui-au-service-du-dialogue-interconfessionnel","status":"publish","type":"post","link":"https:\/\/linitiative.ca\/International\/lart-gnaoui-au-service-du-dialogue-interconfessionnel\/","title":{"rendered":"L\u2019art gnaoui au service du dialogue interconfessionnel"},"content":{"rendered":"<div readability=\"35\">\n<p>Essaouira- Une soir\u00e9e \u00e9clectique d\u00e9di\u00e9e \u00e0 mettre en valeur l\u2019art gnaoui en tant que vecteur du dialogue interconfessionnel et du vivre-ensemble, a \u00e9t\u00e9 organis\u00e9e samedi \u00e0 l\u2019espace Dar Souiri \u00e0 Essaouira.<\/p>\n<\/div>\n<div readability=\"119\">\n<p>Initi\u00e9e par l\u2019Association \u00ab\u00a0Origines Gnaoua\u00a0Essaouira\u00a0\u00bb en partenariat avec l\u2019Association\u00a0Essaouira-Mogador, cet \u00e9v\u00e9nement riche en couleurs a permis au public pr\u00e9sent de renouer avec la culture gnaouie en tant qu\u2019espace de rencontre et d\u2019interf\u00e9rence entre diff\u00e9rentes dimensions soufie, musulmane, juda\u00efque, africaine et autres.<\/p>\n<p>Cette soir\u00e9e co\u00efncidait avec l\u2019organisation dans la cit\u00e9 des Aliz\u00e9s de la Hiloula du Saint Rabbi Ha\u00efm Pinto, un \u00e9v\u00e9nement annuel qui connait la pr\u00e9sence de plusieurs centaines de membres de la communaut\u00e9 marocaine de confession juive d\u2019ici et d\u2019ailleurs.<\/p>\n<p>Dans une ambiance conviviale et bon enfant, l\u2019assistance, parmi les souiris et les h\u00f4tes de cette cit\u00e9 paisible, a \u00e9t\u00e9 convi\u00e9e \u00e0 un voyage au coeur de l\u2019art gnaoui, en tant que culture, philosophie et mode de vie, avec un int\u00e9r\u00eat tout particulier accord\u00e9 aux rituels des soir\u00e9es gnaouies.<\/p>\n<p>C\u2019est ainsi que les Grands M\u00e2alems Gnaouis Hamid Dekkaki (F\u00e8s), Essadik El Aarch et Sa\u00efd Bourhim (Essaouira) ont fait apparition sur sc\u00e8ne dans un premier temps aux rythmes des grands tambours et des \u00ab\u00a0Krakabes\u00a0\u00bb, accompagn\u00e9s d\u2019une jeune \u00e9quipe de gnaouis, le temps de donner un avant-go\u00fbt au public pr\u00e9sent.<\/p>\n<p>Par la suite, les Grands M\u00e2alems ont effectu\u00e9 un tour de r\u00f4le sur \u00ab\u00a0le Guembri\u00a0\u00bb en puisant chacun dans un r\u00e9pertoire si riche et si diversifi\u00e9 de la musique gnaouie, en mettant en relief outre les dimensions musulmane, soufie, et africaine, celle juda\u00efque \u00e0 travers les \u00e9vocations des \u00a0\u00bbesprits Sabatiens\u00a0\u00bb.<\/p>\n<p>En faisant ainsi, les M\u00e2alems Gnaouis ont bien voulu d\u00e9montrer cet aspect juda\u00efque de la culture gnaouie, le faire revivre et veiller \u00e0 le pr\u00e9server contre la d\u00e9su\u00e9tude et l\u2019oubli.<\/p>\n<p>Approch\u00e9 par la MAP, Anas Azza, pr\u00e9sident de l\u2019Association \u00a0\u00bbOrigines Gnaoua\u00a0Essaouira\u00a0\u00bb, a dit toute sa joie de la tenue de cette soir\u00e9e le temps de mettre en lumi\u00e8re la dimension juda\u00efque aux c\u00f4t\u00e9s de celles soufie, musulmane, africaine ou autres de l\u2019art gnaoui, insistant sur la n\u00e9cessit\u00e9 de veiller \u00e0 promouvoir et \u00e0 valoriser cet art en tant qu\u2019un tout indivisible.<\/p>\n<p>Et d\u2019ajouter que Gnaoua, en tant que culture, art, musique, philosophie et mode de vie a toujours incarn\u00e9 les valeurs de paix, de tol\u00e9rance, de vivre-ensemble, de coexistence et de dialogue interculturel et interconfessionnel, r\u00e9it\u00e9rant l\u2019engagement de son association \u00e0 oeuvrer pour pr\u00e9server cet art et le valoriser car il fait partie int\u00e9grante de notre identit\u00e9.<\/p>\n<p>Auparavant, l\u2019Espace de Dar Souiri a abrit\u00e9 les travaux d\u2019un forum-d\u00e9bat sous le th\u00e8me \u00a0\u00bb r\u00f4le du patrimoine gnaoui dans la manifestation de la convivialit\u00e9, l\u2019harmonie et le dialogue interculturel et interconfessionnel\u00a0\u00bb.<\/p>\n<p>Lors de ce forum rehauss\u00e9 par la pr\u00e9sence d\u2019un parterre d\u2019intellectuels, d\u2019acteurs associatifs et de grand M\u00e2alems Gnaouis, l\u2019accent a \u00e9t\u00e9 mis sur l\u2019imp\u00e9ratif de la promotion et de la valorisation de l\u2019art gnaoui en tant que vecteur de coexistence et de vivre-ensemble, tout en s\u2019int\u00e9ressant \u00e0 ses diff\u00e9rentes dimensions soufie, musulmane, juda\u00efque, africaine et autres.<\/p>\n<\/div>\n<p>Auteur: Mohammed KOURSI<br \/>\n<a href=\"http:\/\/www.mapmarrakech.ma\/fr\/lart-gnaoui-au-service-du-dialogue-interconfessionnel\/\">Cliquez ici pour lire l&rsquo;article depuis sa source.<\/a><\/p>\n","protected":false},"excerpt":{"rendered":"<p>Essaouira- Une soir\u00e9e \u00e9clectique d\u00e9di\u00e9e \u00e0 mettre en valeur l\u2019art gnaoui en tant que vecteur du dialogue interconfessionnel et du vivre-ensemble, a \u00e9t\u00e9 organis\u00e9e samedi \u00e0 l\u2019espace Dar Souiri \u00e0 Essaouira. Initi\u00e9e par l\u2019Association \u00ab\u00a0Origines Gnaoua\u00a0Essaouira\u00a0\u00bb en partenariat avec l\u2019Association\u00a0Essaouira-Mogador, cet \u00e9v\u00e9nement riche en couleurs a permis au public pr\u00e9sent de renouer avec la culture [&hellip;]<\/p>\n","protected":false},"author":1788,"featured_media":0,"comment_status":"closed","ping_status":"closed","sticky":false,"template":"","format":"standard","meta":{"fifu_image_url":"","fifu_image_alt":"","footnotes":""},"categories":[54,76],"tags":[],"class_list":["post-61933","post","type-post","status-publish","format-standard","hentry","category-maroc","category-regions"],"_links":{"self":[{"href":"https:\/\/linitiative.ca\/International\/wp-json\/wp\/v2\/posts\/61933","targetHints":{"allow":["GET"]}}],"collection":[{"href":"https:\/\/linitiative.ca\/International\/wp-json\/wp\/v2\/posts"}],"about":[{"href":"https:\/\/linitiative.ca\/International\/wp-json\/wp\/v2\/types\/post"}],"author":[{"embeddable":true,"href":"https:\/\/linitiative.ca\/International\/wp-json\/wp\/v2\/users\/1788"}],"replies":[{"embeddable":true,"href":"https:\/\/linitiative.ca\/International\/wp-json\/wp\/v2\/comments?post=61933"}],"version-history":[{"count":0,"href":"https:\/\/linitiative.ca\/International\/wp-json\/wp\/v2\/posts\/61933\/revisions"}],"wp:attachment":[{"href":"https:\/\/linitiative.ca\/International\/wp-json\/wp\/v2\/media?parent=61933"}],"wp:term":[{"taxonomy":"category","embeddable":true,"href":"https:\/\/linitiative.ca\/International\/wp-json\/wp\/v2\/categories?post=61933"},{"taxonomy":"post_tag","embeddable":true,"href":"https:\/\/linitiative.ca\/International\/wp-json\/wp\/v2\/tags?post=61933"}],"curies":[{"name":"wp","href":"https:\/\/api.w.org\/{rel}","templated":true}]}}