{"id":61938,"date":"2019-09-22T10:19:19","date_gmt":"2019-09-22T14:19:19","guid":{"rendered":"https:\/\/linitiative.ca\/International\/detournement-au-cpa-de-bouira-les-victimes-protestent-et-reclament-leur-argent\/"},"modified":"2019-09-22T10:19:19","modified_gmt":"2019-09-22T14:19:19","slug":"detournement-au-cpa-de-bouira-les-victimes-protestent-et-reclament-leur-argent","status":"publish","type":"post","link":"https:\/\/linitiative.ca\/International\/detournement-au-cpa-de-bouira-les-victimes-protestent-et-reclament-leur-argent\/","title":{"rendered":"D\u00e9tournement au CPA de Bouira : les victimes protestent et r\u00e9clament leur argent"},"content":{"rendered":"<div>\n<div class=\"K2FeedImage\"><img decoding=\"async\" src=\"http:\/\/www.aps.dz\/media\/k2\/items\/cache\/d540d3a02dfea3fc7c5582871490674c_S.jpg\" alt=\"D\u00e9tournement au CPA de Bouira : les victimes protestent et r\u00e9clament leur argent\"><\/div>\n<div class=\"K2FeedIntroText\">\n<p><strong>BOUIRA &#8211; Des dizaines de victimes du d\u00e9tournement de fonds au Cr\u00e9dit populaire alg\u00e9rien (CPA) de Bouira ont observ\u00e9 dimanche un sit-in devant le si\u00e8ge de cet \u00e9tablissement bancaire pour r\u00e9clamer leur argent d\u00e9tourn\u00e9, a-t-on constat\u00e9.<\/strong><\/p>\n<\/div>\n<div class=\"K2FeedFullText\">\n<p>Les protestataires, des entrepreneurs et autres notables de la r\u00e9gion, ont organis\u00e9 cette \u00ab\u00a0\u00e9ni\u00e8me\u00a0\u00bb action de protestation afin de r\u00e9it\u00e9rer leur appel \u00e0 l\u2019acc\u00e9l\u00e9ration des proc\u00e9dures judiciaires afin qu\u2019ils puissent r\u00e9cup\u00e9rer leur argent, dont le montant d\u00e9tourn\u00e9 est estim\u00e9 \u00e0 30 milliards de centimes et plus de 100 000 euros, selon les chiffres donn\u00e9s auparavant par les services de la police.<\/p>\n<p>\u00ab\u00a0Nous voulons notre argent, c\u2019est tout. La justice doit agir\u00a0\u00bb, a r\u00e9clam\u00e9 un groupe de protestataires en col\u00e8re. Les manifestants brandissaient des pancartes sur lesquelles ils ont \u00e9crit \u00ab\u00a0Rendez notre argent \u00ab\u00a0, \u00a0\u00bb la justice doit nous indemniser\u00a0\u00bb et \u00ab\u00a0les victimes de la \u00eessaba en d\u00e9tresse\u00a0\u00bb.<\/p>\n<p>Les manifestants ont expliqu\u00e9 \u00e0 la presse qu\u2019aucune d\u00e9cision ou mesure n\u2019avait \u00e9t\u00e9 prise depuis l\u2019\u00e9clatement de ce scandale au CPA de Bouira.<\/p>\n<p>Pour rappel, une enqu\u00eate avait \u00e9t\u00e9 ouverte par les services de s\u00e9curit\u00e9 de la wilaya de Bouira qui avaient \u00e9t\u00e9 destinataires en janvier dernier de plaintes li\u00e9es \u00e0 des anomalies dans plusieurs comptes bancaires au niveau du CPA de Bouira.<\/p>\n<p>L&rsquo;enqu\u00eate a permis d\u2019ailleurs l\u2019arrestation en quelques jours seulement de 12 individus suspect\u00e9s d&rsquo;implication dans cette affaire.<\/p>\n<\/div>\n<\/div>\n<p>Auteur:<br \/>\n<a href=\"http:\/\/www.aps.dz\/regions\/94682-detournement-au-cpa-de-bouira-les-victimes-protestent-et-reclament-leur-argent\">Cliquez ici pour lire l&rsquo;article depuis sa source.<\/a><\/p>\n","protected":false},"excerpt":{"rendered":"<p>BOUIRA &#8211; Des dizaines de victimes du d\u00e9tournement de fonds au Cr\u00e9dit populaire alg\u00e9rien (CPA) de Bouira ont observ\u00e9 dimanche un sit-in devant le si\u00e8ge de cet \u00e9tablissement bancaire pour r\u00e9clamer leur argent d\u00e9tourn\u00e9, a-t-on constat\u00e9. Les protestataires, des entrepreneurs et autres notables de la r\u00e9gion, ont organis\u00e9 cette \u00ab\u00a0\u00e9ni\u00e8me\u00a0\u00bb action de protestation afin de [&hellip;]<\/p>\n","protected":false},"author":1790,"featured_media":61939,"comment_status":"closed","ping_status":"closed","sticky":false,"template":"","format":"standard","meta":{"fifu_image_url":"","fifu_image_alt":"","footnotes":""},"categories":[53,76],"tags":[],"class_list":["post-61938","post","type-post","status-publish","format-standard","has-post-thumbnail","hentry","category-algerie","category-regions"],"_links":{"self":[{"href":"https:\/\/linitiative.ca\/International\/wp-json\/wp\/v2\/posts\/61938","targetHints":{"allow":["GET"]}}],"collection":[{"href":"https:\/\/linitiative.ca\/International\/wp-json\/wp\/v2\/posts"}],"about":[{"href":"https:\/\/linitiative.ca\/International\/wp-json\/wp\/v2\/types\/post"}],"author":[{"embeddable":true,"href":"https:\/\/linitiative.ca\/International\/wp-json\/wp\/v2\/users\/1790"}],"replies":[{"embeddable":true,"href":"https:\/\/linitiative.ca\/International\/wp-json\/wp\/v2\/comments?post=61938"}],"version-history":[{"count":0,"href":"https:\/\/linitiative.ca\/International\/wp-json\/wp\/v2\/posts\/61938\/revisions"}],"wp:featuredmedia":[{"embeddable":true,"href":"https:\/\/linitiative.ca\/International\/wp-json\/"}],"wp:attachment":[{"href":"https:\/\/linitiative.ca\/International\/wp-json\/wp\/v2\/media?parent=61938"}],"wp:term":[{"taxonomy":"category","embeddable":true,"href":"https:\/\/linitiative.ca\/International\/wp-json\/wp\/v2\/categories?post=61938"},{"taxonomy":"post_tag","embeddable":true,"href":"https:\/\/linitiative.ca\/International\/wp-json\/wp\/v2\/tags?post=61938"}],"curies":[{"name":"wp","href":"https:\/\/api.w.org\/{rel}","templated":true}]}}