{"id":61941,"date":"2019-09-22T11:25:35","date_gmt":"2019-09-22T15:25:35","guid":{"rendered":"https:\/\/linitiative.ca\/International\/deliegeage-a-el-tarf-baisse-de-40-de-la-recolte\/"},"modified":"2019-09-22T11:25:35","modified_gmt":"2019-09-22T15:25:35","slug":"deliegeage-a-el-tarf-baisse-de-40-de-la-recolte","status":"publish","type":"post","link":"https:\/\/linitiative.ca\/International\/deliegeage-a-el-tarf-baisse-de-40-de-la-recolte\/","title":{"rendered":"D\u00e9li\u00e9geage \u00e0 El Tarf: baisse de 40 % de la r\u00e9colte\u00a0"},"content":{"rendered":"<div>\n<div class=\"K2FeedIntroText\">\n<p><strong>Tarf &#8211; Une baisse de 40 % dans la r\u00e9colte de li\u00e8ge a \u00e9t\u00e9 enregistr\u00e9e dans la wilaya d\u2019El Tarf au titre de l\u2019exercice 2019 compar\u00e9 \u00e0 celui de l\u2019ann\u00e9e pr\u00e9c\u00e9dente, a-t-on appris, dimanche, des services locaux de la conservation des for\u00eats.<\/strong><\/p>\n<\/div>\n<div class=\"K2FeedFullText\">\n<p>Lanc\u00e9e en juin dernier, la campane de d\u00e9li\u00e9geage, cl\u00f4tur\u00e9e depuis une semaine, s\u2019est sold\u00e9e par la r\u00e9colte de\u00a0 7.500 quintaux, \u00e0 travers principalement les communes d&rsquo;El Tarf, EL Kala et \u00e0 degr\u00e9 moindre celle de Dr\u00e9an, a ajout\u00e9 la m\u00eame source, soulignant que cette baisse est due au fait que 30% de la superficie de la sub\u00e9raie a \u00e9t\u00e9 touch\u00e9e par les incendies de for\u00eat ayant affect\u00e9 l\u2019\u00e9t\u00e9 2017, cette r\u00e9gion frontali\u00e8re, notamment Bouhadjar.<\/p>\n<p>Les m\u00eames services, qui ont pr\u00e9cis\u00e9 que 60% de la r\u00e9colte proviennent du li\u00e8ge de reproduction et le reste du li\u00e8ge male ou de mise en valeur, ont signal\u00e9 que la campagne de d\u00e9masclage (enl\u00e8vement de l\u2019\u00e9corce des arbres) avait mobilis\u00e9 230 ouvriers saisonniers.<\/p>\n<p>La m\u00eame source a \u00e9galement assur\u00e9 que la campagne s\u2019est d\u00e9roul\u00e9e dans de \u00ab\u00a0bonnes conditions\u00a0\u00bb , \u00e0 travers une vingtaine de chantiers ouverte dans diff\u00e9rentes sub\u00e9raies, principalement les localit\u00e9s frontali\u00e8res r\u00e9put\u00e9es pour leur li\u00e8ge de montagne, Souarekh (El Kala), Bougous (El Tarf) et El Ayoune.<\/p>\n<blockquote>\n<p><em><strong>Actuellement, les ouvriers mobilis\u00e9s pour le d\u00e9li\u00e9geage, ont \u00e9t\u00e9 redirig\u00e9s vers l\u2019op\u00e9ration de v\u00e9rification du produit et son empilage qui se fait, selon la cat\u00e9gorie du produit, compos\u00e9 du li\u00e8ge femelle, (premier choix) et du li\u00e8ge flamb\u00e9 (deuxi\u00e8me choix), et ce avant l\u2019installation \u00ab\u00a0dans les prochains jours\u00a0\u00bb, de la commission d\u2019adjudication, en pr\u00e9vision de l\u2019ouverture des ventes de cet important produit a-t-on encore d\u00e9taill\u00e9.<\/strong><\/em><\/p>\n<\/blockquote>\n<p>C\u00e9d\u00e9 entre 4.000 et 12.000 DA le quintal selon sa qualit\u00e9, pour son exploitation par des unit\u00e9s nationales de transformation (fabrication de bouchons, de panneau d\u2019isolation) et pour son exportation pour le li\u00e8ge de premier choix, ce produit de for\u00eat demeure \u00ab\u00a0tr\u00e8s recherch\u00e9 aujourd\u2019hui pour ses crit\u00e8res de haute qualit\u00e9 de plasticit\u00e9 et de transformation malgr\u00e9 la technologie avanc\u00e9e de la mati\u00e8re plastique\u00a0\u00bb, a-t-on rappel\u00e9.<\/p>\n<p>L\u2019exploitation du li\u00e8ge se fait par rotation de 10 \u00e0 12 ans par s\u00e9ries (ou coupons) r\u00e9gl\u00e9s dans les sub\u00e9raies am\u00e9nag\u00e9es et suivant leur fertilit\u00e9, a-t-on relev\u00e9 ajoutant que sa r\u00e9colte et son pr\u00e9l\u00e8vement ob\u00e9issent \u00e0 certaines techniques bien d\u00e9finies et n\u00e9cessitent une main d\u2019\u0153uvre qualifi\u00e9e.<\/p>\n<p>Le ch\u00eane li\u00e8ge demeure parmi les principales essences foresti\u00e8res de cette r\u00e9gion avec une sub\u00e9raie couvrant plus de 74.000 hectares, soit 57% de la superficie foresti\u00e8re de la wilaya d\u2019 Tarf, estim\u00e9e \u00e0 165 000 hectares.<\/p>\n<\/div>\n<\/div>\n<p>Auteur:<br \/>\n<a href=\"http:\/\/www.aps.dz\/regions\/94687-deliegeage-a-el-tarf-baisse-de-40-de-la-recolte\">Cliquez ici pour lire l&rsquo;article depuis sa source.<\/a><\/p>\n","protected":false},"excerpt":{"rendered":"<p>Tarf &#8211; Une baisse de 40 % dans la r\u00e9colte de li\u00e8ge a \u00e9t\u00e9 enregistr\u00e9e dans la wilaya d\u2019El Tarf au titre de l\u2019exercice 2019 compar\u00e9 \u00e0 celui de l\u2019ann\u00e9e pr\u00e9c\u00e9dente, a-t-on appris, dimanche, des services locaux de la conservation des for\u00eats. Lanc\u00e9e en juin dernier, la campane de d\u00e9li\u00e9geage, cl\u00f4tur\u00e9e depuis une semaine, s\u2019est [&hellip;]<\/p>\n","protected":false},"author":1790,"featured_media":0,"comment_status":"closed","ping_status":"closed","sticky":false,"template":"","format":"standard","meta":{"fifu_image_url":"","fifu_image_alt":"","footnotes":""},"categories":[53,76],"tags":[],"class_list":["post-61941","post","type-post","status-publish","format-standard","hentry","category-algerie","category-regions"],"_links":{"self":[{"href":"https:\/\/linitiative.ca\/International\/wp-json\/wp\/v2\/posts\/61941","targetHints":{"allow":["GET"]}}],"collection":[{"href":"https:\/\/linitiative.ca\/International\/wp-json\/wp\/v2\/posts"}],"about":[{"href":"https:\/\/linitiative.ca\/International\/wp-json\/wp\/v2\/types\/post"}],"author":[{"embeddable":true,"href":"https:\/\/linitiative.ca\/International\/wp-json\/wp\/v2\/users\/1790"}],"replies":[{"embeddable":true,"href":"https:\/\/linitiative.ca\/International\/wp-json\/wp\/v2\/comments?post=61941"}],"version-history":[{"count":0,"href":"https:\/\/linitiative.ca\/International\/wp-json\/wp\/v2\/posts\/61941\/revisions"}],"wp:attachment":[{"href":"https:\/\/linitiative.ca\/International\/wp-json\/wp\/v2\/media?parent=61941"}],"wp:term":[{"taxonomy":"category","embeddable":true,"href":"https:\/\/linitiative.ca\/International\/wp-json\/wp\/v2\/categories?post=61941"},{"taxonomy":"post_tag","embeddable":true,"href":"https:\/\/linitiative.ca\/International\/wp-json\/wp\/v2\/tags?post=61941"}],"curies":[{"name":"wp","href":"https:\/\/api.w.org\/{rel}","templated":true}]}}