{"id":61954,"date":"2019-09-21T20:00:00","date_gmt":"2019-09-22T00:00:00","guid":{"rendered":"https:\/\/linitiative.ca\/International\/oran-deux-filets-recuperes-au-large-de-la-reserve-de-lile-paloma\/"},"modified":"2019-09-21T20:00:00","modified_gmt":"2019-09-22T00:00:00","slug":"oran-deux-filets-recuperes-au-large-de-la-reserve-de-lile-paloma","status":"publish","type":"post","link":"https:\/\/linitiative.ca\/International\/oran-deux-filets-recuperes-au-large-de-la-reserve-de-lile-paloma\/","title":{"rendered":"Oran : deux filets r\u00e9cup\u00e9r\u00e9s au large de la r\u00e9serve de l\u2019\u00eele Paloma"},"content":{"rendered":"<p>Les membres de l&rsquo;association \u00e9cologique marine Barbarous ont proc\u00e9d\u00e9, vendredi ,\u00e0 la r\u00e9cup\u00e9ration de deux filets (1 senne et 1 filet maillant), au large de la r\u00e9serve de l&rsquo;\u00eele Paloma (dans la da\u00efra d&rsquo;A\u00efn El- Turk), sur une profondeur de 20 m\u00e8tres, a-t-on appris, hier \u00e0 Oran, aupr\u00e8s de l&rsquo;association. L&rsquo;association Barbarous avait mobilis\u00e9 deux bateaux et cinq plongeurs dans une mer tr\u00e8s houleuse.<br \/>La longueur des deux filets est de 500 m\u00e8tres pi\u00e9geant encore des poissons vivants d\u00e9livr\u00e9s par les plongeurs de l&rsquo;association Barbarous, a-t-on pr\u00e9cis\u00e9.<br \/>Connue pour ses activit\u00e9s dans le domaine de la pr\u00e9servation des fonds marins et des plages, en les d\u00e9barrassant des d\u00e9tritus, l&rsquo;association avait notamment organis\u00e9 le nettoyage du port de la p\u00eacherie, de plusieurs plages de la r\u00e9gion oranaise et de l&rsquo;\u00eele Plane (ou \u00eele Paloma), o\u00f9 elle a par ailleurs restaur\u00e9 le phare et am\u00e9nag\u00e9 des panneaux solaires.<br \/>Elle contribue \u00e9galement \u00e0 la sensibilisation \u00e9cologique, en disposant, au niveau de son si\u00e8ge, d\u2019un un petit centre p\u00e9dagogique qui explique aux enfants, l&rsquo;importance de l&rsquo;\u00e9cologie marine et pourquoi faut-il pr\u00e9server l&rsquo;\u00e9cosyst\u00e8me de la M\u00e9diterran\u00e9e.<br \/>\u00a0<\/p>\n<p>Auteur: elmoudjahid<br \/>\n<a href=\"http:\/\/www.elmoudjahid.com\/fr\/actualites\/142293\">Cliquez ici pour lire l&rsquo;article depuis sa source.<\/a><\/p>\n","protected":false},"excerpt":{"rendered":"<p>Les membres de l&rsquo;association \u00e9cologique marine Barbarous ont proc\u00e9d\u00e9, vendredi ,\u00e0 la r\u00e9cup\u00e9ration de deux filets (1 senne et 1 filet maillant), au large de la r\u00e9serve de l&rsquo;\u00eele Paloma (dans la da\u00efra d&rsquo;A\u00efn El- Turk), sur une profondeur de 20 m\u00e8tres, a-t-on appris, hier \u00e0 Oran, aupr\u00e8s de l&rsquo;association. L&rsquo;association Barbarous avait mobilis\u00e9 deux [&hellip;]<\/p>\n","protected":false},"author":1744,"featured_media":0,"comment_status":"closed","ping_status":"closed","sticky":false,"template":"","format":"standard","meta":{"fifu_image_url":"","fifu_image_alt":"","footnotes":""},"categories":[73,53],"tags":[],"class_list":["post-61954","post","type-post","status-publish","format-standard","hentry","category-actualite","category-algerie"],"_links":{"self":[{"href":"https:\/\/linitiative.ca\/International\/wp-json\/wp\/v2\/posts\/61954","targetHints":{"allow":["GET"]}}],"collection":[{"href":"https:\/\/linitiative.ca\/International\/wp-json\/wp\/v2\/posts"}],"about":[{"href":"https:\/\/linitiative.ca\/International\/wp-json\/wp\/v2\/types\/post"}],"author":[{"embeddable":true,"href":"https:\/\/linitiative.ca\/International\/wp-json\/wp\/v2\/users\/1744"}],"replies":[{"embeddable":true,"href":"https:\/\/linitiative.ca\/International\/wp-json\/wp\/v2\/comments?post=61954"}],"version-history":[{"count":0,"href":"https:\/\/linitiative.ca\/International\/wp-json\/wp\/v2\/posts\/61954\/revisions"}],"wp:attachment":[{"href":"https:\/\/linitiative.ca\/International\/wp-json\/wp\/v2\/media?parent=61954"}],"wp:term":[{"taxonomy":"category","embeddable":true,"href":"https:\/\/linitiative.ca\/International\/wp-json\/wp\/v2\/categories?post=61954"},{"taxonomy":"post_tag","embeddable":true,"href":"https:\/\/linitiative.ca\/International\/wp-json\/wp\/v2\/tags?post=61954"}],"curies":[{"name":"wp","href":"https:\/\/api.w.org\/{rel}","templated":true}]}}