{"id":61955,"date":"2019-09-21T20:00:00","date_gmt":"2019-09-22T00:00:00","guid":{"rendered":"https:\/\/linitiative.ca\/International\/rencontre-nationale-sur-la-sante-dans-le-sud-et-les-hauts-plateaux-mettre-en-oeuvre-une-veritable-feuille-de-route\/"},"modified":"2019-09-21T20:00:00","modified_gmt":"2019-09-22T00:00:00","slug":"rencontre-nationale-sur-la-sante-dans-le-sud-et-les-hauts-plateaux-mettre-en-oeuvre-une-veritable-feuille-de-route","status":"publish","type":"post","link":"https:\/\/linitiative.ca\/International\/rencontre-nationale-sur-la-sante-dans-le-sud-et-les-hauts-plateaux-mettre-en-oeuvre-une-veritable-feuille-de-route\/","title":{"rendered":"Rencontre nationale sur la sant\u00e9 dans le Sud et les Hauts plateaux  : Mettre en \u0153uvre une v\u00e9ritable feuille de route"},"content":{"rendered":"<p><strong>\u00abNous avons d\u00e9cid\u00e9 d\u2019acc\u00e9l\u00e9rer les pr\u00e9paratifs pour la concr\u00e9tisation des mesures gouvernementales ayant trait \u00e0 la prise en charge sanitaire\u00a0 des populations du Sud et des Hauts-Plateaux, en ex\u00e9cution des d\u00e9cisions arr\u00eat\u00e9es, lors de la r\u00e9union du gouvernement tenue le 24 juillet dernier\u00bb, \u00a0 a pr\u00e9cis\u00e9 le Premier ministre.<\/strong><\/p>\n<p>Une r\u00e9forme globale et une profonde r\u00e9vision du syst\u00e8me de la sant\u00e9 publique dans les wilayas du Sud et des Hauts Plateaux dans l\u2019objectif de conf\u00e9rer une meilleure prise en charge m\u00e9dicale au profit des populations.<br \/>C\u2019est ce qu\u2019a plaid\u00e9 le Premier ministre, Noureddine Bedoui, lors d\u2019une rencontre nationale traitant de la consolidation de la prise en charge sanitaire dans ces m\u00eames wilayas, qu\u2019a abrit\u00e9 hier, le Centre international des conf\u00e9rences. Dans son allocution lue en son nom par le ministre de l\u2019Int\u00e9rieur, des Collectivit\u00e9s locales et de l\u2019Am\u00e9nagement du territoire, Salah Eddine Dahmoune, le Premier ministre a mis en relief la n\u00e9cessit\u00e9 d\u2019\u00e9tablir une nouvelle feuille de route o\u00f9 seront contenues les mesures efficientes \u00e0 m\u00eame de combler les manquements et de parer aux obstacles dont souffre encore, a t-il reconnu, le secteur de la Sant\u00e9 dans les r\u00e9gions du Sud et des Hauts&#8211;Plateaux. Pour faire face \u00e0 ce constat peu reluisant, \u00abil y a urgence d\u2019aller vers un changement rapide et m\u00e9thodique dans ce domaine\u00bb a soutenu le Premier ministre, il faut d\u00e9sormais que les populations du Sud et des Hauts-Plateaux puissent acc\u00e9der \u00e0 des services de sant\u00e9 de qualit\u00e9, comme c\u2019est le cas, notamment dans le Nord du pays. C\u2019est l\u00e0 un droit l\u00e9gitime qu\u2019il faudra consacrer sans d\u00e9lai\u00a0 \u00abloin de la politique des slogans creux et des promesses sans lendemain\u00bb a-t-il insist\u00e9. \u00abLes aspirations pour le changement exprim\u00e9es par le peuple rel\u00e8vent, dans leur globalit\u00e9, de nos missions en tant que responsables en g\u00e9n\u00e9ral, et en qualit\u00e9 de professionnels du secteur de la Sant\u00e9 en particulier\u00bb dira M. Bedoui. \u00abDes aspirations, poursuit-il, qu\u2019il faudra absolument satisfaire, et seul le travail de terrain est \u00e0 m\u00eame de satisfaire de l\u2019efficacit\u00e9 de notre action et de la r\u00e9alisation de nos objectifs et strat\u00e9gies\u00bb.<br \/>Concernant les wilayas du Sud et des Hauts-Plateaux, il a affirm\u00e9 qu\u2019en la mati\u00e8re, la politique d\u2019am\u00e9nagement du territoire vise essentiellement \u00e0 r\u00e9duire, autant que faire se peut, les d\u00e9s\u00e9quilibres r\u00e9gionaux ainsi que la modernisation et l\u2019am\u00e9lioration des conditions de vie difficiles des populations de ces grands espaces\u00bb. Il a annonc\u00e9 que ces m\u00eame espaces seront dot\u00e9s dans un proche avenir d\u2019outils de prospection et de planification en vue de mieux s\u2019adapter \u00e0 leur \u00e9volution des besoins exprim\u00e9s, y compris dans le domaine de la Sant\u00e9 o\u00f9 il est question, pr\u00e9cise-t-il, de promouvoir l\u2019effort engag\u00e9 dans ce domaine en privil\u00e9giant les soins de proximit\u00e9.\u00a0 En d\u00e9pit d\u2019une conjoncture financi\u00e8re difficile, le d\u00e9veloppement des r\u00e9gions du Sud et des Hauts-Plateaux est la priorit\u00e9 des priorit\u00e9s du gouvernement, indique, en outre, le Premier ministre qui rappelle au passage l\u2019abandon d\u00e9finitif du financement non conventionnel. D\u2019o\u00f9 la n\u00e9cessit\u00e9, a-t-il expliqu\u00e9, de rationnaliser les d\u00e9penses, y compris celles aff\u00e9rentes aux \u00e9quipements et de faire des choix cibl\u00e9s en mati\u00e8re de r\u00e9alisation de projets.<\/p>\n<p><strong>R\u00e9vision \u00e0 la hausse des salaires des sp\u00e9cialistes op\u00e9rant\u00a0 dans le Sud<\/strong><br \/>\u00a0<br \/>Toutefois, au vu de l\u2019urgence ressentie en mati\u00e8re de normalisation, voire de modernisation de\u00a0 la prise en charge sanitaire des populations du Sud et des Hauts-Plateaux, le gouvernement, pr\u00e9cise le Premier ministre va adopter une s\u00e9rie de mesures se rapportant\u00a0 notamment \u00e0 la r\u00e9alisation de nouvelles infrastructures sanitaires, \u00e0 la promotion des conditions socioprofessionnelles du personnel m\u00e9dical et m\u00eame une nette revalorisation salariale des m\u00e9decins sp\u00e9cialistes en sus d\u2019une prime de 7% du montant du salaire de base au profit de tout le personnel m\u00e9dical op\u00e9rant dans les wilayas du Sud.<br \/>Le Premier ministre qui fait part de la cr\u00e9ation d\u2019une commission interminist\u00e9rielle traitant de tous les aspects li\u00e9s \u00e0 la consolidation du syst\u00e8me de la sant\u00e9 dans le Sud et les Hauts Plateaux fait part \u00e9galement de la d\u00e9cision de lev\u00e9e du gel de 25 projets de r\u00e9alisation d\u2019infrastructures sanitaires dans le Sud et les Hauts-Plateaux d\u2019un co\u00fbt global de 20 milliards de dinars.\u00a0<br \/>A cela s\u2019ajoute la programmation d\u2019une trentaine de projets similaires dans ces r\u00e9gions pour un montant de 19 milliards de DA. Le projet de loi de finances 2020 pr\u00e9voit quant \u00e0 a lui la dotation de 198 postes budg\u00e9taire pour des formations sp\u00e9cialis\u00e9es au b\u00e9n\u00e9fice des m\u00e9decins g\u00e9n\u00e9ralistes.<br \/>La promotion des op\u00e9rations de jumelage entre les h\u00f4pitaux du Nord et ceux du Sud et des Haut-Plateaux a \u00e9t\u00e9 \u00e9galement rappel\u00e9e par le Premier ministre qui informe de la signature de plus d\u2019une centaine de conventions en ce sens.<br \/>M. Bedoui ne manquera pas par ailleurs de rendre un hommage appuy\u00e9 \u00e0 l\u2019institution de l\u2019ANP pour l\u2019assistance\u00a0 de qualit\u00e9 qu\u2019elle accorde aux services de la sant\u00e9 dans le Sud et les Hauts Plateaux. Tenue sous l\u2019\u00e9gide du Premier ministre, la rencontre d\u2019hier traitant de la consolidation de la prise en charge sanitaire des populations du Sud et des Hauts-Plateaux a vu la participation des membres du\u00a0 gouvernement, de parlementaires ainsi que de repr\u00e9sentants de plusieurs\u00a0 institutions publiques<br \/>Karim Aoudia<br \/>\u00a0<\/p>\n<p>Auteur: elmoudjahid<br \/>\n<a href=\"http:\/\/www.elmoudjahid.com\/fr\/actualites\/142294\">Cliquez ici pour lire l&rsquo;article depuis sa source.<\/a><\/p>\n","protected":false},"excerpt":{"rendered":"<p>\u00abNous avons d\u00e9cid\u00e9 d\u2019acc\u00e9l\u00e9rer les pr\u00e9paratifs pour la concr\u00e9tisation des mesures gouvernementales ayant trait \u00e0 la prise en charge sanitaire\u00a0 des populations du Sud et des Hauts-Plateaux, en ex\u00e9cution des d\u00e9cisions arr\u00eat\u00e9es, lors de la r\u00e9union du gouvernement tenue le 24 juillet dernier\u00bb, \u00a0 a pr\u00e9cis\u00e9 le Premier ministre. Une r\u00e9forme globale et une profonde [&hellip;]<\/p>\n","protected":false},"author":1744,"featured_media":0,"comment_status":"closed","ping_status":"closed","sticky":false,"template":"","format":"standard","meta":{"fifu_image_url":"","fifu_image_alt":"","footnotes":""},"categories":[73,53],"tags":[],"class_list":["post-61955","post","type-post","status-publish","format-standard","hentry","category-actualite","category-algerie"],"_links":{"self":[{"href":"https:\/\/linitiative.ca\/International\/wp-json\/wp\/v2\/posts\/61955","targetHints":{"allow":["GET"]}}],"collection":[{"href":"https:\/\/linitiative.ca\/International\/wp-json\/wp\/v2\/posts"}],"about":[{"href":"https:\/\/linitiative.ca\/International\/wp-json\/wp\/v2\/types\/post"}],"author":[{"embeddable":true,"href":"https:\/\/linitiative.ca\/International\/wp-json\/wp\/v2\/users\/1744"}],"replies":[{"embeddable":true,"href":"https:\/\/linitiative.ca\/International\/wp-json\/wp\/v2\/comments?post=61955"}],"version-history":[{"count":0,"href":"https:\/\/linitiative.ca\/International\/wp-json\/wp\/v2\/posts\/61955\/revisions"}],"wp:attachment":[{"href":"https:\/\/linitiative.ca\/International\/wp-json\/wp\/v2\/media?parent=61955"}],"wp:term":[{"taxonomy":"category","embeddable":true,"href":"https:\/\/linitiative.ca\/International\/wp-json\/wp\/v2\/categories?post=61955"},{"taxonomy":"post_tag","embeddable":true,"href":"https:\/\/linitiative.ca\/International\/wp-json\/wp\/v2\/tags?post=61955"}],"curies":[{"name":"wp","href":"https:\/\/api.w.org\/{rel}","templated":true}]}}