{"id":61956,"date":"2019-09-21T20:00:00","date_gmt":"2019-09-22T00:00:00","guid":{"rendered":"https:\/\/linitiative.ca\/International\/prevention-renforcement-des-dispositifs\/"},"modified":"2019-09-21T20:00:00","modified_gmt":"2019-09-22T00:00:00","slug":"prevention-renforcement-des-dispositifs","status":"publish","type":"post","link":"https:\/\/linitiative.ca\/International\/prevention-renforcement-des-dispositifs\/","title":{"rendered":"Pr\u00e9vention : Renforcement des dispositifs"},"content":{"rendered":"<p>Des mesures pratiques pour une prise en charge efficace de la sant\u00e9 dans les r\u00e9gions du Sud et des Hauts-Plateaux ont \u00e9t\u00e9 mises en exergue par des responsables du secteur. Dans une d\u00e9claration \u00e0 l\u2019APS en marge de la rencontre, le directeur g\u00e9n\u00e9ral de la Pr\u00e9vention au minist\u00e8re de la Sant\u00e9, Djamal Fourar, a expliqu\u00e9 que ces r\u00e9gions ont des caract\u00e9ristiques sp\u00e9cifiques du point de vue environnemental, de la population, \u00e9parse et vivant dans des lieux enclav\u00e9es, et de la situation \u00e9pid\u00e9miologique n\u00e9cessitant un renforcement des dispositifs de pr\u00e9vention au niveau de ces r\u00e9gions, notamment frontali\u00e8res\u00bb.<br \/>Ce dispositif consiste \u00e0 renforcer le syst\u00e8me de surveillance et d\u2019alerte des maladies \u00e0 d\u00e9claration obligatoire conform\u00e9ment aux r\u00e8glements internationales, mettre en place des \u00e9quipes mobiles de pr\u00e9vention charg\u00e9e de suivre l\u2019\u00e9volution de la situation \u00e9pid\u00e9miologique des populations de ces r\u00e9gions enclav\u00e9es et consolider les services d\u2019\u00e9pid\u00e9miologie de m\u00e9decine pr\u00e9ventive qui exercent au niveau de l\u2019ensemble des wilayas situ\u00e9es dans ces r\u00e9gions\u00bb, a-t-il fait savoir. Nous allons redynamiser trois stations \u00e9pid\u00e9miologiques li\u00e9es aux dangers des maladies notamment le long de la route transsaharienne, o\u00f9 il est constat\u00e9 un mouvement de population et de marchandises qui peut engendrer des risques sanitaires\u00bb, a-t-il relev\u00e9. Il s\u2019agit aussi de renforcer les centres de vaccination et les unit\u00e9s de d\u00e9pistage des maladies dans les zones frontali\u00e8res. En mati\u00e8re de piqures scorpioniques, il a indiqu\u00e9 que depuis janvier 2019, quelque 30.000 cas de piqures de scorpions ont \u00e9t\u00e9 enregistr\u00e9s, provoquant le d\u00e9c\u00e8s de 27 personnes \u00bb, indiquant que le minist\u00e8re a pris des dispositions \u00e0 travers le renforcement des activit\u00e9s de ramassage et d\u2019extraction du scorpion au niveau des unit\u00e9s existantes (M\u2019Sila et Ouargla) et la cr\u00e9ation d\u2019autres unit\u00e9s \u00e0 Djelfa, El Oued, Naama et Biskra. Pour ce qui est du VIH Sida, il a fait savoir que depuis 1985 \u00e0 ce jour, 1926 cas de Sida et 10.886 cas de s\u00e9ropositifs ont \u00e9t\u00e9 recens\u00e9s\u00bb, estimant que l\u2019Alg\u00e9rie est un pays \u00e0 tr\u00e8s faible pr\u00e9valence pour le Sida dont le taux par rapport \u00e0 la population est inf\u00e9rieur \u00e0 0,1 % et que le Sida demeure concentr\u00e9 dans les populations bien pr\u00e9cises tels que les professionnels du sexe et les utilisateurs des drogues injectables\u00bb. Le Pr Fourar a indiqu\u00e9 que la prise en charge des patients atteints du Sida se fait au niveau de 15 structures sp\u00e9cialis\u00e9es, dont 7 sont implant\u00e9es dans les wilayas du Sud et des Hauts-Plateaux \u00bb. De son c\u00f4t\u00e9, M.\u2008Mohamed L\u2019Hadj, directeur g\u00e9n\u00e9ral des services de la sant\u00e9 au minist\u00e8re de la Sant\u00e9, a mis en avant plusieurs mesures prises par son d\u00e9partement pour prendre en charge les malades du Sud et des Hauts-Plateaux, affirmant que ces mesures ont pour but de faire face aux difficult\u00e9s li\u00e9es \u00e0 la couverture de ces r\u00e9gions en ressources humaines, vue l\u2019immensit\u00e9 de ces r\u00e9gions et la faible densit\u00e9 de la population, qui demeure \u00e9parse\u00bb. Parmi les mesures prises par son d\u00e9partement est l\u2019activit\u00e9 de jumelage entre les \u00e9tablissements hospitaliers du nord et des r\u00e9gions du sud et des Hauts-Plateaux afin d\u2019am\u00e9liorer la prise en charge des malades\u00bb. Cette pratique est consacr\u00e9e \u00e0 la faveur du d\u00e9cret ex\u00e9cutif n\u00b0 16-197 du 4\/6\/2016 et consistant en l\u2019envoi de missions m\u00e9dicales et param\u00e9dicales des CHU du Nord pour assister celles du sud et des Hauts-Plateaux. D\u2019autres mesures ont \u00e9t\u00e9 \u00e9galement prises telles que le renforcement des unit\u00e9s sanitaires mobiles \u00e0 travers l\u2019augmentation du nombre des clinomobiles (cliniques mobiles) dot\u00e9es de moyens mat\u00e9riels et humains pour une prise en charge efficace de la population de ces r\u00e9gions\u00bb, a-t-il not\u00e9. Parmi les moyens mis pour la couverture sanitaire de ces r\u00e9gions, figure aussi le d\u00e9ploiement de la t\u00e9l\u00e9m\u00e9decine dans 7 wilayas du Sud et 6 wilayas du Nord connect\u00e9es aux CHU du Nord tels que les h\u00f4pitaux Mustapha, Bab El Oued et Beni Messous d\u2019Alger. Certains de ces \u00e9tablissements maintiennent ce contact permanent entre eux \u00e0 travers la plateforme t\u00e9l\u00e9m\u00e9decine du minist\u00e8re de la Sant\u00e9 mais d\u2019autres tr\u00e8s rarement\u00bb, a-t-il relev\u00e9, affirmant que la pr\u00e9sente rencontre vise \u00e0 redynamiser cette relation \u00bb.<\/p>\n<p><strong>L\u2019institution militaire ne m\u00e9nage aucun effort pour aider le secteur<\/strong><\/p>\n<p>Sur un autre plan, le ministre de la Sant\u00e9, de la Population et de la R\u00e9forme hospitali\u00e8re, Mohamed Miraoui, a rendu un hommage appuy\u00e9, dans un point de presse en marge de la rencontre, \u00e0 l\u2019institution militaire qui ne m\u00e9nage aucun effort pour aider le secteur de la Sant\u00e9 dans la prise en charge des malades des r\u00e9gions du Sud et des Hauts-Plateaux \u00e0 travers la fourniture de moyens mat\u00e9riels et humains\u00bb.<br \/>\u00a0<\/p>\n<p>Auteur: elmoudjahid<br \/>\n<a href=\"http:\/\/www.elmoudjahid.com\/fr\/actualites\/142295\">Cliquez ici pour lire l&rsquo;article depuis sa source.<\/a><\/p>\n","protected":false},"excerpt":{"rendered":"<p>Des mesures pratiques pour une prise en charge efficace de la sant\u00e9 dans les r\u00e9gions du Sud et des Hauts-Plateaux ont \u00e9t\u00e9 mises en exergue par des responsables du secteur. Dans une d\u00e9claration \u00e0 l\u2019APS en marge de la rencontre, le directeur g\u00e9n\u00e9ral de la Pr\u00e9vention au minist\u00e8re de la Sant\u00e9, Djamal Fourar, a expliqu\u00e9 [&hellip;]<\/p>\n","protected":false},"author":1744,"featured_media":0,"comment_status":"closed","ping_status":"closed","sticky":false,"template":"","format":"standard","meta":{"fifu_image_url":"","fifu_image_alt":"","footnotes":""},"categories":[73,53],"tags":[],"class_list":["post-61956","post","type-post","status-publish","format-standard","hentry","category-actualite","category-algerie"],"_links":{"self":[{"href":"https:\/\/linitiative.ca\/International\/wp-json\/wp\/v2\/posts\/61956","targetHints":{"allow":["GET"]}}],"collection":[{"href":"https:\/\/linitiative.ca\/International\/wp-json\/wp\/v2\/posts"}],"about":[{"href":"https:\/\/linitiative.ca\/International\/wp-json\/wp\/v2\/types\/post"}],"author":[{"embeddable":true,"href":"https:\/\/linitiative.ca\/International\/wp-json\/wp\/v2\/users\/1744"}],"replies":[{"embeddable":true,"href":"https:\/\/linitiative.ca\/International\/wp-json\/wp\/v2\/comments?post=61956"}],"version-history":[{"count":0,"href":"https:\/\/linitiative.ca\/International\/wp-json\/wp\/v2\/posts\/61956\/revisions"}],"wp:attachment":[{"href":"https:\/\/linitiative.ca\/International\/wp-json\/wp\/v2\/media?parent=61956"}],"wp:term":[{"taxonomy":"category","embeddable":true,"href":"https:\/\/linitiative.ca\/International\/wp-json\/wp\/v2\/categories?post=61956"},{"taxonomy":"post_tag","embeddable":true,"href":"https:\/\/linitiative.ca\/International\/wp-json\/wp\/v2\/tags?post=61956"}],"curies":[{"name":"wp","href":"https:\/\/api.w.org\/{rel}","templated":true}]}}