{"id":61959,"date":"2019-09-22T08:15:18","date_gmt":"2019-09-22T12:15:18","guid":{"rendered":"https:\/\/linitiative.ca\/International\/94675-jeux-mediterraneens-oran-2021-preparatifs-nouvelle-dynamique-et-un-pas-qualitatif-franchi\/"},"modified":"2019-09-22T08:15:18","modified_gmt":"2019-09-22T12:15:18","slug":"94675-jeux-mediterraneens-oran-2021-preparatifs-nouvelle-dynamique-et-un-pas-qualitatif-franchi","status":"publish","type":"post","link":"https:\/\/linitiative.ca\/International\/94675-jeux-mediterraneens-oran-2021-preparatifs-nouvelle-dynamique-et-un-pas-qualitatif-franchi\/","title":{"rendered":"Jeux m\u00e9diterran\u00e9ens Oran-2021 (pr\u00e9paratifs) : nouvelle dynamique et un pas qualitatif franchi"},"content":{"rendered":"<div>\n<div class=\"K2FeedImage\"><img decoding=\"async\" src=\"http:\/\/www.aps.dz\/media\/k2\/items\/cache\/8f430b948f98cac6ba235d1d9da39a74_S.jpg\" alt=\"Jeux m\u00e9diterran\u00e9ens Oran-2021 (pr\u00e9paratifs) : nouvelle dynamique et un pas qualitatif franchi\"><\/div>\n<div class=\"K2FeedIntroText\">\n<p><strong>ORAN &#8211; Plus que seize mois s\u00e9parent Oran du rendez-vous sportif tant attendu qui est les Jeux m\u00e9diterran\u00e9ens (JM) de 2021 par lequel cette ville veut marquer les esprits au regard des moyens colossaux mobilis\u00e9s pour la r\u00e9ussite de l\u2019\u00e9v\u00e8nement.<\/strong><\/p>\n<\/div>\n<div class=\"K2FeedFullText\">\n<p>En d\u00e9voilant le logo et la mascotte de la 19e \u00e9dition mercredi dernier, les organisateurs sont pass\u00e9s d\u00e9sormais \u00e0 la vitesse sup\u00e9rieure dans la pr\u00e9paration du rendez-vous.<\/p>\n<p>Un ouf de soulagement a \u00e9t\u00e9 m\u00eame pouss\u00e9, \u00e9tant donn\u00e9 qu\u2019un retard sensible \u00e9tait accus\u00e9 auparavant dans cette proc\u00e9dure entrant dans le cadre du travail cens\u00e9 \u00eatre r\u00e9alis\u00e9 par la commission de marketing et de sponsoring.<\/p>\n<p>Un premier \u00ab\u00a0carton jaune\u00a0\u00bb dans ce registre a \u00e9t\u00e9 brandi par le pr\u00e9sident de la commission de coordination et de suivi relevant du Comit\u00e9 international des Jeux m\u00e9diterran\u00e9ens (CIJM), le Fran\u00e7ais Bernard Amslem, lors de sa visite d\u2019inspection sur les lieux d\u00e9but juillet dernier.<\/p>\n<hr>\n<p><em><strong>Lire aussi:\u00a0\u00a0<a href=\"http:\/\/www.aps.dz\/sport\/94540-les-jeux-mediterraneens-retrouveront-toute-leur-splendeur-a-oran\">Les\u00a0<span class=\"highlight\">Jeux<\/span>\u00a0<span class=\"highlight\">m\u00e9diterran\u00e9ens<\/span>\u00a0retrouveront toute leur splendeur \u00e0 Oran<\/a><\/strong><\/em><\/p>\n<hr>\n<p>Entre-temps, des changements notables ont \u00e9t\u00e9 op\u00e9r\u00e9s au niveau de la composante du comit\u00e9 d\u2019organisation local. Des changements ayant notamment touch\u00e9 le premier responsable de ce comit\u00e9, en l\u2019occurrence Mohamed El Morro, qui a \u00e9t\u00e9 remplac\u00e9 par l\u2019ancienne vedette de la natation alg\u00e9rienne, Salim Iles.<\/p>\n<p>\u00ab\u00a0C\u2019est une nouvelle dynamique qui est en train d\u2019\u00eatre constat\u00e9e dans la pr\u00e9paration des JM. Ce sang neuf qu\u2019incarne Salim Iles est un gage de r\u00e9ussite suppl\u00e9mentaire pour les JM d\u2019Oran\u00a0\u00bb, a d\u00e9clar\u00e9 tout heureux le pr\u00e9sident du CIJM, l\u2019Alg\u00e9rien Amar Addadi, venu en personne s\u2019enqu\u00e9rir de l\u2019\u00e9tat d\u2019avancement des pr\u00e9paratifs de la 19e \u00e9dition et assister, mercredi pass\u00e9, \u00e0 la c\u00e9r\u00e9monie de pr\u00e9sentation officielle de la nouvelle identit\u00e9 visuelle du rendez-vous m\u00e9diterran\u00e9en.<\/p>\n<p>\u00a0\u00a0\u00a0\u00a0\u00a0\u00a0\u00a0\u00a0\u00a0\u00a0\u00a0<\/p>\n<p><span style=\"font-size: 14pt;\"><strong>\u00ab\u00a0L\u2019\u00e9l\u00e8ve\u00a0\u00bb assur\u00e9 du soutien du \u00ab\u00a0ma\u00eetre\u00a0\u00bb<\/strong><\/span><\/p>\n<p>\u00a0<\/p>\n<p>La pr\u00e9sence d\u2019Addadi \u00e0 cette c\u00e9r\u00e9monie se voulait aussi une r\u00e9ponse aux voix qui ont v\u00e9hicul\u00e9 derni\u00e8rement des informations infond\u00e9es au sujet d\u2019une pr\u00e9tendue intention du CIJM de retirer l\u2019organisation des prochains JM \u00e0 Oran.<\/p>\n<p>Ce responsable s\u2019est d\u2019ailleurs pr\u00e9cipit\u00e9 \u00e0 balayer d\u2019un revers de la main ces rumeurs en qualifiant de \u00ab\u00a0calomnies\u00a0\u00bb les propos que lui avait attribu\u00e9s une certaine presse il y a quelques semaines et par lesquels il aurait \u00e9mis des r\u00e9serves concernant la cadence marquant les pr\u00e9paratifs des JM d\u2019Oran, tout en n\u2019\u00e9cartant pas l\u2019\u00e9ventualit\u00e9 de retirer l\u2019organisation de cet \u00e9v\u00e9nement \u00e0 la ville.<\/p>\n<p>Mieux, Addadi, une ancienne figure de proue de la natation alg\u00e9rienne, a profit\u00e9 de l\u2019occasion pour rassurer son \u00ab\u00a0\u00e9l\u00e8ve\u00a0\u00bb Salim Iles qu\u2019il \u00e9tait pr\u00eat \u00e0 lui apporter l\u2019aide voulue pour r\u00e9ussir sa mission, une aide des plus souhait\u00e9es au vu de la petite exp\u00e9rience du successeur de Mohamed El Morro dans ce genre de missions.<\/p>\n<hr>\n<p><em><strong>Lire aussi:\u00a0<a href=\"http:\/\/www.aps.dz\/sport\/94541-jm-oran-2021-la-prochaine-edition-refletera-le-nouveau-visage-de-l-algerie\">JM Oran-2021: La prochaine \u00e9dition refl\u00e8tera le nouveau visage de l\u2019Alg\u00e9rie<\/a><\/strong><\/em><\/p>\n<hr>\n<p>\u00ab\u00a0En 1975, Alger \u00e9tait au firmament du ciel m\u00e9diterran\u00e9en. 44 ans apr\u00e8s, j\u2019ai l\u2019immense honneur et la lourde responsabilit\u00e9 de diriger l\u2019organisation de cette importante manifestation sportive\u00a0\u00bb, d\u00e9clarait \u00e0 son tour le nouveau directeur des JM Oran-2021, en ouverture de la c\u00e9r\u00e9monie.\u00a0\u00a0\u00a0\u00a0\u00a0\u00a0\u00a0<\/p>\n<p>Cependant, en d\u00e9pit du sentiment de satisfaction affich\u00e9 par le CIJM quant \u00e0 l\u2019avancement des pr\u00e9paratifs du rendez-vous m\u00e9diterran\u00e9en, il n\u2019en demeure pas moins que le chemin \u00e0 parcourir reste encore long.<\/p>\n<p>C\u2019est du reste ce qu\u2019a tenu \u00e0 souligner le pr\u00e9sident du CIJM lui-m\u00eame, m\u00eame s\u2019il s\u2019est montr\u00e9 confiant quant \u00e0 l\u2019ach\u00e8vement des deux principaux \u00e9quipements concern\u00e9s par l\u2019\u00e9v\u00e8nement, \u00e0 savoir le complexe olympique et le village m\u00e9diterran\u00e9en, dans les d\u00e9lais impartis, soit avant une ann\u00e9e du coup d\u2019envoi de la comp\u00e9tition, comme promis par les services concern\u00e9s.<\/p>\n<p>Dans ce registre, les propos \u00e9logieux du ministre de la Jeunesse et des Sports, Raouf Salim Bernaoui, concernant la qualit\u00e9 du complexe olympique en cours de r\u00e9alisation, s\u2019av\u00e8rent \u00eatre un autre facteur de motivation pour en finir avec ce projet qui accuse un sensible retard dans sa livraison, sachant que les travaux avaient d\u00e9marr\u00e9 en 2008.<\/p>\n<p>\u00a0<\/p>\n<p><span style=\"font-size: 14pt;\"><strong>Rendre aux JM leur prestige<\/strong><\/span><\/p>\n<p>\u00a0<\/p>\n<p>Mieux, le ministre, un ancien champion d\u2019Afrique d&rsquo;escrime, a estim\u00e9 que ce nouvel acquis pour le sport alg\u00e9rien permettrait au pays de postuler, dans un avenir proche, \u00e0 l\u2019organisation par exemple d\u2019un Championnat du monde d\u2019athl\u00e9tisme, vu que cette infrastructure dispose d\u2019un stade d\u00e9di\u00e9 sp\u00e9cialement \u00e0 cette discipline d\u2019une capacit\u00e9 d\u2019accueil de 4.200 spectateurs, sans oublier que le stade olympique de football de 40.000 places est dot\u00e9 \u00e0 son tour d\u2019une piste d\u2019athl\u00e9tisme.<\/p>\n<p>Mais l\u2019heure pour le moment est \u00e0 relever le d\u00e9fi de l\u2019organisation des JM auxquels l\u2019Alg\u00e9rie veut rendre leur \u00ab\u00a0prestige\u00a0\u00bb qu\u2019ils ont perdu au cours des pr\u00e9c\u00e9dentes \u00e9ditions, comme a tenu \u00e0 le signaler le ministre de la Jeunesse et des Sports lui-m\u00eame.<\/p>\n<p>La volont\u00e9 des pouvoirs publics de gagner ce pari se traduit par cette \u00e9norme enveloppe financi\u00e8re mobilis\u00e9e pour la r\u00e9alisation des nouvelles infrastructures sportives et l\u2019organisation des Jeux, et estim\u00e9e par M. Bernaoui \u00e0 600 millions de dollars.<\/p>\n<hr>\n<p><em><strong>Lire aussi:\u00a0<a href=\"http:\/\/www.aps.dz\/sport\/93962-jm-oran-2021-mesures-urgentes-pour-l-achevement-dans-les-delais-du-complexe-sportif\">JM Oran-2021 : mesures urgentes pour l\u2019ach\u00e8vement dans les d\u00e9lais du complexe sportif\u00a0<\/a><\/strong><\/em><\/p>\n<hr>\n<p>Cet investissement de taille commence d\u00e9j\u00e0 \u00e0 donner ses fruits, si l\u2019on se r\u00e9f\u00e8re aux d\u00e9clarations du pr\u00e9sident de la commission de suivi et de coordination du CIJM, Bernard Amslem, en marge de sa r\u00e9cente visite \u00e0 Oran, la troisi\u00e8me pour lui cette ann\u00e9e.<\/p>\n<p>\u00ab\u00a0Ce qu\u2019on a vu jusque-l\u00e0 nous plait bien. L\u2019identit\u00e9 visuelle des JM est magnifique. Elle est dynamique, moderne et jeune. Les couleurs choisies sont belles. Depuis ma pr\u00e9c\u00e9dente visite en juillet, on sent que les choses \u00e9voluent d\u2019une mani\u00e8re positive. Concernant le dossier des \u00e9quipements sportifs, et m\u00eame s\u2019ils ne sont pas encore achev\u00e9s, il est celui qui nous inqui\u00e8te le moins, car nous avons la certitude qu\u2019ils seront livr\u00e9s l\u2019\u00e9t\u00e9 prochain, c&rsquo;est-\u00e0-dire un an avant l\u2019\u00e9v\u00e8nement, et c\u2019est largement suffisant pour y effectuer les essais et tests d\u2019usage\u00a0\u00bb, a-t-il rassur\u00e9.<\/p>\n<p>Un t\u00e9moignage qui montre que les diff\u00e9rentes parties intervenant dans l\u2019organisation des JM sont sur la bonne voie et qu\u2019Oran est bien partie pour remporter le pari.<\/p>\n<\/div>\n<p><img loading=\"lazy\" decoding=\"async\" src=\"http:\/\/feeds.feedburner.com\/~r\/aps-sport\/~4\/wj_lRWZYiCo\" height=\"1\" width=\"1\" alt=\"\"><\/div>\n<p>Auteur:<br \/>\n<a href=\"http:\/\/www.aps.dz\/sport\/94675-jeux-mediterraneens-oran-2021-preparatifs-nouvelle-dynamique-et-un-pas-qualitatif-franchi?utm_source=feedburner&#038;utm_medium=feed&#038;utm_campaign=Feed%3A+aps-sport+%28APS+-+SPORT%29\">Cliquez ici pour lire l&rsquo;article depuis sa source.<\/a><\/p>\n","protected":false},"excerpt":{"rendered":"<p>ORAN &#8211; Plus que seize mois s\u00e9parent Oran du rendez-vous sportif tant attendu qui est les Jeux m\u00e9diterran\u00e9ens (JM) de 2021 par lequel cette ville veut marquer les esprits au regard des moyens colossaux mobilis\u00e9s pour la r\u00e9ussite de l\u2019\u00e9v\u00e8nement. En d\u00e9voilant le logo et la mascotte de la 19e \u00e9dition mercredi dernier, les organisateurs [&hellip;]<\/p>\n","protected":false},"author":1790,"featured_media":61960,"comment_status":"closed","ping_status":"closed","sticky":false,"template":"","format":"standard","meta":{"fifu_image_url":"","fifu_image_alt":"","footnotes":""},"categories":[53,75],"tags":[],"class_list":["post-61959","post","type-post","status-publish","format-standard","has-post-thumbnail","hentry","category-algerie","category-sport"],"_links":{"self":[{"href":"https:\/\/linitiative.ca\/International\/wp-json\/wp\/v2\/posts\/61959","targetHints":{"allow":["GET"]}}],"collection":[{"href":"https:\/\/linitiative.ca\/International\/wp-json\/wp\/v2\/posts"}],"about":[{"href":"https:\/\/linitiative.ca\/International\/wp-json\/wp\/v2\/types\/post"}],"author":[{"embeddable":true,"href":"https:\/\/linitiative.ca\/International\/wp-json\/wp\/v2\/users\/1790"}],"replies":[{"embeddable":true,"href":"https:\/\/linitiative.ca\/International\/wp-json\/wp\/v2\/comments?post=61959"}],"version-history":[{"count":0,"href":"https:\/\/linitiative.ca\/International\/wp-json\/wp\/v2\/posts\/61959\/revisions"}],"wp:featuredmedia":[{"embeddable":true,"href":"https:\/\/linitiative.ca\/International\/wp-json\/"}],"wp:attachment":[{"href":"https:\/\/linitiative.ca\/International\/wp-json\/wp\/v2\/media?parent=61959"}],"wp:term":[{"taxonomy":"category","embeddable":true,"href":"https:\/\/linitiative.ca\/International\/wp-json\/wp\/v2\/categories?post=61959"},{"taxonomy":"post_tag","embeddable":true,"href":"https:\/\/linitiative.ca\/International\/wp-json\/wp\/v2\/tags?post=61959"}],"curies":[{"name":"wp","href":"https:\/\/api.w.org\/{rel}","templated":true}]}}