{"id":61965,"date":"2019-09-22T14:22:48","date_gmt":"2019-09-22T18:22:48","guid":{"rendered":"https:\/\/linitiative.ca\/International\/94699-championnat-d-afrique-de-volley-assis-match-de-classement-l-algerie-decroche-la-medaille-de-bronze\/"},"modified":"2019-09-22T14:22:48","modified_gmt":"2019-09-22T18:22:48","slug":"94699-championnat-d-afrique-de-volley-assis-match-de-classement-l-algerie-decroche-la-medaille-de-bronze","status":"publish","type":"post","link":"https:\/\/linitiative.ca\/International\/94699-championnat-d-afrique-de-volley-assis-match-de-classement-l-algerie-decroche-la-medaille-de-bronze\/","title":{"rendered":"Championnat d&rsquo;Afrique de volley assis: l&rsquo;Alg\u00e9rie d\u00e9croche la m\u00e9daille de bronze"},"content":{"rendered":"<div>\n<div class=\"K2FeedImage\"><img decoding=\"async\" src=\"http:\/\/www.aps.dz\/media\/k2\/items\/cache\/dd7a128dfb8255b2eb111da1725ca6c7_S.jpg\" alt=\"Championnat d'Afrique de volley assis: l'Alg\u00e9rie d\u00e9croche la m\u00e9daille de bronze\"><\/div>\n<div class=\"K2FeedIntroText\">\n<p><strong>KIGALI- La s\u00e9lection alg\u00e9rienne de volley assis (handisport) a remport\u00e9 la m\u00e9daille de bronze du Championnat d&rsquo;Afrique de la discipline, apr\u00e8s sa victoire devant le Kenya dimanche \u00e0 Kigali 3-1 (25-21, 20-25, 25-15, 27-25) au match de classement pour la 3e place.<\/strong><\/p>\n<\/div>\n<div class=\"K2FeedFullText\">\n<p>Les Alg\u00e9riens s&rsquo;\u00e9taient qualifi\u00e9s pour le dernier carr\u00e9 de la comp\u00e9tition apr\u00e8s avoir termin\u00e9 2es du groupe B avec 3 points d&rsquo;une victoire devant l&rsquo;Afrique du Sud (3-0) et une d\u00e9faite face au leader \u00e9gyptien sur le m\u00eame score.<\/p>\n<p>Lors de la demi-finale disput\u00e9e samedi, les alg\u00e9riens ont perdu devant le pays organisateur, le Rwanda sur le score 3-1 (19-25, 25-19, 25-19, 25-15).<\/p>\n<p>La finale oppose le Rwanda aux \u00ab\u00a0Pharaons\u00a0\u00bb d&rsquo;Egypte, favoris pour le sacre final.<\/p>\n<p>\u00a0<\/p>\n<\/div>\n<p><img loading=\"lazy\" decoding=\"async\" src=\"http:\/\/feeds.feedburner.com\/~r\/aps-sport\/~4\/h7q627SR4rg\" height=\"1\" width=\"1\" alt=\"\"><\/div>\n<p>Auteur:<br \/>\n<a href=\"http:\/\/www.aps.dz\/sport\/94699-championnat-d-afrique-de-volley-assis-match-de-classement-l-algerie-decroche-la-medaille-de-bronze?utm_source=feedburner&#038;utm_medium=feed&#038;utm_campaign=Feed%3A+aps-sport+%28APS+-+SPORT%29\">Cliquez ici pour lire l&rsquo;article depuis sa source.<\/a><\/p>\n","protected":false},"excerpt":{"rendered":"<p>KIGALI- La s\u00e9lection alg\u00e9rienne de volley assis (handisport) a remport\u00e9 la m\u00e9daille de bronze du Championnat d&rsquo;Afrique de la discipline, apr\u00e8s sa victoire devant le Kenya dimanche \u00e0 Kigali 3-1 (25-21, 20-25, 25-15, 27-25) au match de classement pour la 3e place. Les Alg\u00e9riens s&rsquo;\u00e9taient qualifi\u00e9s pour le dernier carr\u00e9 de la comp\u00e9tition apr\u00e8s avoir [&hellip;]<\/p>\n","protected":false},"author":1790,"featured_media":61966,"comment_status":"closed","ping_status":"closed","sticky":false,"template":"","format":"standard","meta":{"fifu_image_url":"","fifu_image_alt":"","footnotes":""},"categories":[53,75],"tags":[],"class_list":["post-61965","post","type-post","status-publish","format-standard","has-post-thumbnail","hentry","category-algerie","category-sport"],"_links":{"self":[{"href":"https:\/\/linitiative.ca\/International\/wp-json\/wp\/v2\/posts\/61965","targetHints":{"allow":["GET"]}}],"collection":[{"href":"https:\/\/linitiative.ca\/International\/wp-json\/wp\/v2\/posts"}],"about":[{"href":"https:\/\/linitiative.ca\/International\/wp-json\/wp\/v2\/types\/post"}],"author":[{"embeddable":true,"href":"https:\/\/linitiative.ca\/International\/wp-json\/wp\/v2\/users\/1790"}],"replies":[{"embeddable":true,"href":"https:\/\/linitiative.ca\/International\/wp-json\/wp\/v2\/comments?post=61965"}],"version-history":[{"count":0,"href":"https:\/\/linitiative.ca\/International\/wp-json\/wp\/v2\/posts\/61965\/revisions"}],"wp:featuredmedia":[{"embeddable":true,"href":"https:\/\/linitiative.ca\/International\/wp-json\/"}],"wp:attachment":[{"href":"https:\/\/linitiative.ca\/International\/wp-json\/wp\/v2\/media?parent=61965"}],"wp:term":[{"taxonomy":"category","embeddable":true,"href":"https:\/\/linitiative.ca\/International\/wp-json\/wp\/v2\/categories?post=61965"},{"taxonomy":"post_tag","embeddable":true,"href":"https:\/\/linitiative.ca\/International\/wp-json\/wp\/v2\/tags?post=61965"}],"curies":[{"name":"wp","href":"https:\/\/api.w.org\/{rel}","templated":true}]}}