{"id":61967,"date":"2019-09-22T12:53:00","date_gmt":"2019-09-22T16:53:00","guid":{"rendered":"https:\/\/linitiative.ca\/International\/election-presidentielle-abdelkader-bengrina-officiellement-candidat\/"},"modified":"2019-09-22T12:53:00","modified_gmt":"2019-09-22T16:53:00","slug":"election-presidentielle-abdelkader-bengrina-officiellement-candidat","status":"publish","type":"post","link":"https:\/\/linitiative.ca\/International\/election-presidentielle-abdelkader-bengrina-officiellement-candidat\/","title":{"rendered":"\u00c9LECTION PR\u00c9SIDENTIELLE : Abdelkader Bengrina officiellement candidat"},"content":{"rendered":"<p><br id=\"sep_para_1\" class=\"sep_para access\"\/><\/p>\n<div id=\"para_1\" class=\"para_33104720 resize\">\n<div class=\"texte access firstletter\">Abdelkader Bengrina a annonc\u00e9 lors d\u2019une conf\u00e9rence de presse \u00e0 la safex d\u2019Alger, sa participation aux \u00e9lections prochaines. \u00abJe me pr\u00e9sente officiellement candidat de mon parti aux pr\u00e9sidentielles du 12 d\u00e9cembre \u00bb, annonce-t-il, pour \u00ab r\u00e9aliser les aspirations populaires et faire la rupture avec les corrupteurs\u00bb, a-t-il motiv\u00e9 sa d\u00e9cision. Avant la d\u00e9claration du pr\u00e9sident d\u2019El Binaa, d\u2019autres chefs de formations politiques ont retir\u00e9 les formulaires de souscription \u00e0 la Pr\u00e9sidentielle, tel c\u2019est le cas pour Abdelaziz Bela\u00efd, pr\u00e9sident du Front El Moustakbal. Ainsi, apr\u00e8s avoir affirm\u00e9 sa participation aux \u00e9lections, des d\u00e9l\u00e9gu\u00e9s du parti se sont pr\u00e9sent\u00e9s au si\u00e8ge de l\u2019Autorit\u00e9 nationale ind\u00e9pendante des \u00e9lections (ANIE), sis \u00e0 Club des Pins, pour y retirer les formulaires de candidature \u00e0 l\u2019\u00e9lection pr\u00e9sidentielle fix\u00e9e au 12 d\u00e9cembre 2019. Bela\u00efd est ainsi le 15e postulant \u00e0 retirer les formulaires de candidature, apr\u00e8s Ali Benflis et Abdelkader Bengrina, ainsi qu\u2019Ali Zeghdoud, pr\u00e9sident du Rassemblement alg\u00e9rien et Mourad Aroudj, pr\u00e9sident du parti Eraffah, pour ne citer que les plus en vue, dont certains sont connus pour \u00eatre des \u00e9ternels candidats.<\/div>\n<\/div>\n<p>Auteur: Nadine<br \/>\n<a href=\"https:\/\/www.reflexiondz.net\/ELECTION-PRESIDENTIELLE-Abdelkader-Bengrina-officiellement-candidat_a57767.html\">Cliquez ici pour lire l&rsquo;article depuis sa source.<\/a><\/p>\n","protected":false},"excerpt":{"rendered":"<p>Abdelkader Bengrina a annonc\u00e9 lors d\u2019une conf\u00e9rence de presse \u00e0 la safex d\u2019Alger, sa participation aux \u00e9lections prochaines. \u00abJe me pr\u00e9sente officiellement candidat de mon parti aux pr\u00e9sidentielles du 12 d\u00e9cembre \u00bb, annonce-t-il, pour \u00ab r\u00e9aliser les aspirations populaires et faire la rupture avec les corrupteurs\u00bb, a-t-il motiv\u00e9 sa d\u00e9cision. Avant la d\u00e9claration du pr\u00e9sident [&hellip;]<\/p>\n","protected":false},"author":1740,"featured_media":0,"comment_status":"closed","ping_status":"closed","sticky":false,"template":"","format":"standard","meta":{"fifu_image_url":"","fifu_image_alt":"","footnotes":""},"categories":[53,76],"tags":[],"class_list":["post-61967","post","type-post","status-publish","format-standard","hentry","category-algerie","category-regions"],"_links":{"self":[{"href":"https:\/\/linitiative.ca\/International\/wp-json\/wp\/v2\/posts\/61967","targetHints":{"allow":["GET"]}}],"collection":[{"href":"https:\/\/linitiative.ca\/International\/wp-json\/wp\/v2\/posts"}],"about":[{"href":"https:\/\/linitiative.ca\/International\/wp-json\/wp\/v2\/types\/post"}],"author":[{"embeddable":true,"href":"https:\/\/linitiative.ca\/International\/wp-json\/wp\/v2\/users\/1740"}],"replies":[{"embeddable":true,"href":"https:\/\/linitiative.ca\/International\/wp-json\/wp\/v2\/comments?post=61967"}],"version-history":[{"count":0,"href":"https:\/\/linitiative.ca\/International\/wp-json\/wp\/v2\/posts\/61967\/revisions"}],"wp:attachment":[{"href":"https:\/\/linitiative.ca\/International\/wp-json\/wp\/v2\/media?parent=61967"}],"wp:term":[{"taxonomy":"category","embeddable":true,"href":"https:\/\/linitiative.ca\/International\/wp-json\/wp\/v2\/categories?post=61967"},{"taxonomy":"post_tag","embeddable":true,"href":"https:\/\/linitiative.ca\/International\/wp-json\/wp\/v2\/tags?post=61967"}],"curies":[{"name":"wp","href":"https:\/\/api.w.org\/{rel}","templated":true}]}}