{"id":61969,"date":"2019-09-22T12:56:00","date_gmt":"2019-09-22T16:56:00","guid":{"rendered":"https:\/\/linitiative.ca\/International\/bengrina-dit-etre-le-prochain-president\/"},"modified":"2019-09-22T12:56:00","modified_gmt":"2019-09-22T16:56:00","slug":"bengrina-dit-etre-le-prochain-president","status":"publish","type":"post","link":"https:\/\/linitiative.ca\/International\/bengrina-dit-etre-le-prochain-president\/","title":{"rendered":"Bengrina dit \u00eatre le prochain Pr\u00e9sident"},"content":{"rendered":"<p><br id=\"sep_para_1\" class=\"sep_para access\"\/><\/p>\n<div id=\"para_1\" class=\"para_33104757 resize\">\n<div class=\"photo shadow left\"><a href=\"javascript:void(0)\" rel=\"https:\/\/www.reflexiondz.net\/photo\/art\/grande\/37527304-33104757.jpg?v=1569172846&#038;ibox\" title=\"Bengrina dit \u00eatre le prochain Pr\u00e9sident\"><img decoding=\"async\" class=\"responsive c9\" src=\"https:\/\/www.reflexiondz.net\/photo\/art\/grande\/37527304-33104757.jpg?v=1569172846\" alt=\"Bengrina dit \u00eatre le prochain Pr\u00e9sident\" title=\"Bengrina dit \u00eatre le prochain Pr\u00e9sident\"\/><img decoding=\"async\" class=\"not-responsive\" src=\"https:\/\/www.reflexiondz.net\/photo\/art\/default\/37527304-33104757.jpg?v=1569172848\" alt=\"Bengrina dit \u00eatre le prochain Pr\u00e9sident\" title=\"Bengrina dit \u00eatre le prochain Pr\u00e9sident\"\/><\/a><\/div>\n<div class=\"texte access firstletter\">\u00a0\u00ab Je suis le prochain pr\u00e9sident de l\u2019Alg\u00e9rie \u00bb, a d\u00e9clar\u00e9, samedi, Abdelkader Bengrina, pr\u00e9sident du Mouvement El Nina et candidat \u00e0 la prochaine \u00e9lection pr\u00e9sidentielle du 12 d\u00e9cembre prochain. L&rsquo;ancien ministre du Tourisme en Alg\u00e9rie, l&rsquo;islamiste Abdelkader Bengrina, avait annonc\u00e9 vendredi qu&rsquo;il se pr\u00e9senterait \u00e0 la pr\u00e9sidentielle du 12 d\u00e9cembre pour laquelle il est le premier candidat. \u00ab J\u2019annonce que je me pr\u00e9sente \u00e0 l\u2019\u00e9lection pr\u00e9sidentielle \u00bb, avait d\u00e9clar\u00e9 Bengrina, lors d\u2019une conf\u00e9rence de presse \u00e0 Alger. Il a pr\u00e9cis\u00e9 que son objectif \u00e9tait \u00ab de rompre avec la tyrannie et la corruption et de r\u00e9tablir la confiance entre le peuple et les institutions de l\u2019\u00c9tat \u00bb. Abdelkader Bengrina a \u00e9t\u00e9 ministre du Tourisme de 1997 \u00e0 1999 dans un gouvernement de coalition auquel a pris part son ancien parti, le Mouvement de la soci\u00e9t\u00e9 pour la paix (MSP), principal parti islamiste. Il a ensuite cr\u00e9\u00e9 en 2013 le Mouvement El Bina avec d\u2019autres dissidents du MSP.<\/div>\n<\/div>\n<p>Auteur: R\u00e9flexion<br \/>\n<a href=\"https:\/\/www.reflexiondz.net\/Bengrina-dit-etre-le-prochain-President_a57774.html\">Cliquez ici pour lire l&rsquo;article depuis sa source.<\/a><\/p>\n","protected":false},"excerpt":{"rendered":"<p>\u00a0\u00ab Je suis le prochain pr\u00e9sident de l\u2019Alg\u00e9rie \u00bb, a d\u00e9clar\u00e9, samedi, Abdelkader Bengrina, pr\u00e9sident du Mouvement El Nina et candidat \u00e0 la prochaine \u00e9lection pr\u00e9sidentielle du 12 d\u00e9cembre prochain. L&rsquo;ancien ministre du Tourisme en Alg\u00e9rie, l&rsquo;islamiste Abdelkader Bengrina, avait annonc\u00e9 vendredi qu&rsquo;il se pr\u00e9senterait \u00e0 la pr\u00e9sidentielle du 12 d\u00e9cembre pour laquelle il est [&hellip;]<\/p>\n","protected":false},"author":1740,"featured_media":0,"comment_status":"closed","ping_status":"closed","sticky":false,"template":"","format":"standard","meta":{"fifu_image_url":"","fifu_image_alt":"","footnotes":""},"categories":[53,76],"tags":[],"class_list":["post-61969","post","type-post","status-publish","format-standard","hentry","category-algerie","category-regions"],"_links":{"self":[{"href":"https:\/\/linitiative.ca\/International\/wp-json\/wp\/v2\/posts\/61969","targetHints":{"allow":["GET"]}}],"collection":[{"href":"https:\/\/linitiative.ca\/International\/wp-json\/wp\/v2\/posts"}],"about":[{"href":"https:\/\/linitiative.ca\/International\/wp-json\/wp\/v2\/types\/post"}],"author":[{"embeddable":true,"href":"https:\/\/linitiative.ca\/International\/wp-json\/wp\/v2\/users\/1740"}],"replies":[{"embeddable":true,"href":"https:\/\/linitiative.ca\/International\/wp-json\/wp\/v2\/comments?post=61969"}],"version-history":[{"count":0,"href":"https:\/\/linitiative.ca\/International\/wp-json\/wp\/v2\/posts\/61969\/revisions"}],"wp:attachment":[{"href":"https:\/\/linitiative.ca\/International\/wp-json\/wp\/v2\/media?parent=61969"}],"wp:term":[{"taxonomy":"category","embeddable":true,"href":"https:\/\/linitiative.ca\/International\/wp-json\/wp\/v2\/categories?post=61969"},{"taxonomy":"post_tag","embeddable":true,"href":"https:\/\/linitiative.ca\/International\/wp-json\/wp\/v2\/tags?post=61969"}],"curies":[{"name":"wp","href":"https:\/\/api.w.org\/{rel}","templated":true}]}}