{"id":61970,"date":"2019-09-22T12:56:00","date_gmt":"2019-09-22T16:56:00","guid":{"rendered":"https:\/\/linitiative.ca\/International\/djaballah-sera-t-il-candidat-a-la-presidentielle\/"},"modified":"2019-09-22T12:56:00","modified_gmt":"2019-09-22T16:56:00","slug":"djaballah-sera-t-il-candidat-a-la-presidentielle","status":"publish","type":"post","link":"https:\/\/linitiative.ca\/International\/djaballah-sera-t-il-candidat-a-la-presidentielle\/","title":{"rendered":"Djaballah sera-t-il candidat   \u00e0 la pr\u00e9sidentielle ?"},"content":{"rendered":"<p><br id=\"sep_para_1\" class=\"sep_para access\"\/><\/p>\n<div id=\"para_1\" class=\"para_33104760 resize\">\n<div class=\"texte access firstletter\">Abdellah Djaballah prendra-t-il part \u00e0 la prochaine pr\u00e9sidentielle, annonc\u00e9e pour le 12 septembre prochain ? La d\u00e9cision sera connue samedi prochain lors de la r\u00e9union extraordinaire du madjils echoura du Front pour la justice et le d\u00e9veloppement (FJD). Mais \u00e0 voir les d\u00e9clarations de ce chef de parti, tout porte \u00e0 croire qu\u2019il ne sera pas de la partie. Cependant, il faut dire que rien n\u2019est \u00e0 \u00e9carter, il suffit pour y croire de rappeler le MSP de Abderrezak Makri qui avance \u00e0 grands pas vers la participation au prochain rendez-vous \u00e9lectoral alors que les conditions qu\u2019il n\u2019a cess\u00e9 de revendiquer pour la tenue d\u2019une \u00e9lection pr\u00e9sidentielle n\u2019ont pas \u00e9t\u00e9 totalement satisfaites. Il est vrai qu\u2019en politique, il faut savoir s\u2019adapter aux situations, mais Abdellah Djaballah, lui, semble constant dans ses positions et continue d\u2019avoir un discours critique vis-\u00e0-vis notamment de l\u2019installation de l\u2019Autorit\u00e9 \u00e9lectorale ind\u00e9pendante. Dans un communiqu\u00e9 rendu public derni\u00e8rement, le FJD a jug\u00e9 que cette installation est \u00abpr\u00e9cipit\u00e9e\u00bb et qu\u2019elle s\u2019est effectu\u00e9e \u00absans v\u00e9rifier si certains de ses membres remplissent les conditions stipul\u00e9es dans la loi la r\u00e9gissant\u00bb.<\/div>\n<\/div>\n<p>Auteur: R\u00e9flexion<br \/>\n<a href=\"https:\/\/www.reflexiondz.net\/Djaballah-sera-t-il-candidat-a-la-presidentielle_a57775.html\">Cliquez ici pour lire l&rsquo;article depuis sa source.<\/a><\/p>\n","protected":false},"excerpt":{"rendered":"<p>Abdellah Djaballah prendra-t-il part \u00e0 la prochaine pr\u00e9sidentielle, annonc\u00e9e pour le 12 septembre prochain ? La d\u00e9cision sera connue samedi prochain lors de la r\u00e9union extraordinaire du madjils echoura du Front pour la justice et le d\u00e9veloppement (FJD). Mais \u00e0 voir les d\u00e9clarations de ce chef de parti, tout porte \u00e0 croire qu\u2019il ne sera [&hellip;]<\/p>\n","protected":false},"author":1740,"featured_media":0,"comment_status":"closed","ping_status":"closed","sticky":false,"template":"","format":"standard","meta":{"fifu_image_url":"","fifu_image_alt":"","footnotes":""},"categories":[53,76],"tags":[],"class_list":["post-61970","post","type-post","status-publish","format-standard","hentry","category-algerie","category-regions"],"_links":{"self":[{"href":"https:\/\/linitiative.ca\/International\/wp-json\/wp\/v2\/posts\/61970","targetHints":{"allow":["GET"]}}],"collection":[{"href":"https:\/\/linitiative.ca\/International\/wp-json\/wp\/v2\/posts"}],"about":[{"href":"https:\/\/linitiative.ca\/International\/wp-json\/wp\/v2\/types\/post"}],"author":[{"embeddable":true,"href":"https:\/\/linitiative.ca\/International\/wp-json\/wp\/v2\/users\/1740"}],"replies":[{"embeddable":true,"href":"https:\/\/linitiative.ca\/International\/wp-json\/wp\/v2\/comments?post=61970"}],"version-history":[{"count":0,"href":"https:\/\/linitiative.ca\/International\/wp-json\/wp\/v2\/posts\/61970\/revisions"}],"wp:attachment":[{"href":"https:\/\/linitiative.ca\/International\/wp-json\/wp\/v2\/media?parent=61970"}],"wp:term":[{"taxonomy":"category","embeddable":true,"href":"https:\/\/linitiative.ca\/International\/wp-json\/wp\/v2\/categories?post=61970"},{"taxonomy":"post_tag","embeddable":true,"href":"https:\/\/linitiative.ca\/International\/wp-json\/wp\/v2\/tags?post=61970"}],"curies":[{"name":"wp","href":"https:\/\/api.w.org\/{rel}","templated":true}]}}