{"id":61971,"date":"2019-09-22T13:01:00","date_gmt":"2019-09-22T17:01:00","guid":{"rendered":"https:\/\/linitiative.ca\/International\/lusine-renault-doran-risque-la-fermeture\/"},"modified":"2019-09-22T13:01:00","modified_gmt":"2019-09-22T17:01:00","slug":"lusine-renault-doran-risque-la-fermeture","status":"publish","type":"post","link":"https:\/\/linitiative.ca\/International\/lusine-renault-doran-risque-la-fermeture\/","title":{"rendered":"L\u2019usine Renault d\u2019Oran risque la fermeture !"},"content":{"rendered":"<p><br id=\"sep_para_1\" class=\"sep_para access\"\/><\/p>\n<div id=\"para_1\" class=\"para_33104807 resize\">\n<div class=\"photo shadow left\"><a href=\"javascript:void(0)\" rel=\"https:\/\/www.reflexiondz.net\/photo\/art\/grande\/37527398-33104807.jpg?v=1569172854&#038;ibox\" title=\"L\u2019usine Renault d\u2019Oran risque la fermeture !\"><img decoding=\"async\" class=\"responsive c9\" src=\"https:\/\/www.reflexiondz.net\/photo\/art\/grande\/37527398-33104807.jpg?v=1569172854\" alt=\"L\u2019usine Renault d\u2019Oran risque la fermeture !\" title=\"L\u2019usine Renault d\u2019Oran risque la fermeture !\"\/><img decoding=\"async\" class=\"not-responsive\" src=\"https:\/\/www.reflexiondz.net\/photo\/art\/default\/37527398-33104807.jpg?v=1569172856\" alt=\"L\u2019usine Renault d\u2019Oran risque la fermeture !\" title=\"L\u2019usine Renault d\u2019Oran risque la fermeture !\"\/><\/a><\/div>\n<div class=\"texte access firstletter\">Pr\u00e8s de cinq ans apr\u00e8s son inauguration, l\u2019usine oranaise de montage automobile du constructeur fran\u00e7ais, Renault, risquerait une fermeture imminente pour de longues semaines. Faute de kits SKD n\u00e9cessaires \u00e0 la production, l\u2019usine sera \u00e0 l\u2019arr\u00eat. Pour cause : le quota de ces intrants accord\u00e9 pour le gouvernement alg\u00e9rien \u00e0 Renault Alg\u00e9rie Production (RAP) pour l\u2019exercice 2019, d\u2019un montant de 660 millions de dollars, sera totalement \u00e9puis\u00e9 d\u2019ici quelques jours, affirme le quotidien le Soir d\u2019Alg\u00e9rie. La fermeture devait avoir lieu, initialement, au cours du mois d\u2019ao\u00fbt dernier. Elle a \u00e9t\u00e9 report\u00e9e, selon la m\u00eame source, pour que les employ\u00e9s puissent partir en cong\u00e9, mais aussi pr\u00e9parer la rentr\u00e9e sociale et scolaire. Au stade actuel, la cadence de production a \u00e9t\u00e9 ralentie au maximum dans un but de retarder l\u2019\u00e9ch\u00e9ance. Implant\u00e9e \u00e0 Oued Tl\u00e9lat, l\u2019usine Renault est la premi\u00e8re du genre en Alg\u00e9rie. Depuis son entr\u00e9e en production en novembre 2014, seulement trois mod\u00e8les y sont assembl\u00e9s comparativement aux sites des autres marques.<\/div>\n<\/div>\n<p>Auteur: R\u00e9flexion<br \/>\n<a href=\"https:\/\/www.reflexiondz.net\/L-usine-Renault-d-Oran-risque-la-fermeture-_a57776.html\">Cliquez ici pour lire l&rsquo;article depuis sa source.<\/a><\/p>\n","protected":false},"excerpt":{"rendered":"<p>Pr\u00e8s de cinq ans apr\u00e8s son inauguration, l\u2019usine oranaise de montage automobile du constructeur fran\u00e7ais, Renault, risquerait une fermeture imminente pour de longues semaines. Faute de kits SKD n\u00e9cessaires \u00e0 la production, l\u2019usine sera \u00e0 l\u2019arr\u00eat. Pour cause : le quota de ces intrants accord\u00e9 pour le gouvernement alg\u00e9rien \u00e0 Renault Alg\u00e9rie Production (RAP) pour [&hellip;]<\/p>\n","protected":false},"author":1740,"featured_media":0,"comment_status":"closed","ping_status":"closed","sticky":false,"template":"","format":"standard","meta":{"fifu_image_url":"","fifu_image_alt":"","footnotes":""},"categories":[53,76],"tags":[],"class_list":["post-61971","post","type-post","status-publish","format-standard","hentry","category-algerie","category-regions"],"_links":{"self":[{"href":"https:\/\/linitiative.ca\/International\/wp-json\/wp\/v2\/posts\/61971","targetHints":{"allow":["GET"]}}],"collection":[{"href":"https:\/\/linitiative.ca\/International\/wp-json\/wp\/v2\/posts"}],"about":[{"href":"https:\/\/linitiative.ca\/International\/wp-json\/wp\/v2\/types\/post"}],"author":[{"embeddable":true,"href":"https:\/\/linitiative.ca\/International\/wp-json\/wp\/v2\/users\/1740"}],"replies":[{"embeddable":true,"href":"https:\/\/linitiative.ca\/International\/wp-json\/wp\/v2\/comments?post=61971"}],"version-history":[{"count":0,"href":"https:\/\/linitiative.ca\/International\/wp-json\/wp\/v2\/posts\/61971\/revisions"}],"wp:attachment":[{"href":"https:\/\/linitiative.ca\/International\/wp-json\/wp\/v2\/media?parent=61971"}],"wp:term":[{"taxonomy":"category","embeddable":true,"href":"https:\/\/linitiative.ca\/International\/wp-json\/wp\/v2\/categories?post=61971"},{"taxonomy":"post_tag","embeddable":true,"href":"https:\/\/linitiative.ca\/International\/wp-json\/wp\/v2\/tags?post=61971"}],"curies":[{"name":"wp","href":"https:\/\/api.w.org\/{rel}","templated":true}]}}